{"id":11353,"date":"2023-11-02T20:49:07","date_gmt":"2023-11-02T19:49:07","guid":{"rendered":"https:\/\/www.sp11.gliwice.pl\/?p=11353"},"modified":"2023-11-02T20:49:07","modified_gmt":"2023-11-02T19:49:07","slug":"11353","status":"publish","type":"post","link":"https:\/\/www.sp11.gliwice.pl\/?p=11353","title":{"rendered":""},"content":{"rendered":"<div dir=\"auto\">\n<div dir=\"auto\"><span style=\"color: #000000;\">Kwesta Listopadowa na rzecz Hospicjum Mi\u0142osierdzia Bo\u017cego w Gliwicach&nbsp;<\/span><\/div>\n<div dir=\"auto\"><span style=\"color: #000000;\">Dnia 29.10.2023r. i 1.11.2023r. uczniowie naszej szko\u0142y wzi\u0119li udzia\u0142 w Kwe\u015bcie Listopadowej na rzecz Hospicjum Mi\u0142osierdzia Bo\u017cego w Gliwicach.&nbsp;<\/span><\/div>\n<div dir=\"auto\"><span style=\"color: #000000;\">Wszystkim wolontariuszom dzi\u0119kujemy za zaanga\u017cowanie i bezinteresown\u0105 pomoc.<\/span><\/div>\n<div dir=\"auto\"><span style=\"color: #000000;\">Kacper W\u00f3jcik 2a<\/span><\/div>\n<div dir=\"auto\"><span style=\"color: #000000;\">Alicja Malka 2b<\/span><\/div>\n<div dir=\"auto\"><span style=\"color: #000000;\">Anna Knabel 6a<\/span><\/div>\n<div dir=\"auto\"><span style=\"color: #000000;\">Zuzanna Pyka 6a<\/span><\/div>\n<div dir=\"auto\"><span style=\"color: #000000;\">Julia Straszak 6a<\/span><\/div>\n<div dir=\"auto\"><span style=\"color: #000000;\">Maja W\u00f3jcik 6a<\/span><\/div>\n<div dir=\"auto\"><span style=\"color: #000000;\">Hanna Szewczyk 7a<\/span><\/div>\n<div dir=\"auto\"><span style=\"color: #000000;\">Maja \u0141anica 8a<\/span><\/div>\n<div dir=\"auto\"><span style=\"color: #000000;\">Emilia Ma\u015blanek 8a<\/span><\/div>\n<div dir=\"auto\"><span style=\"color: #000000;\">Julia Miarecka 8a<\/span><\/div>\n<div dir=\"auto\"><span style=\"color: #000000;\">Wiktoria W\u00f3jcik 8a<\/span><\/div>\n<div dir=\"auto\">ngg_shortcode_0_placeholder<\/div>\n<\/div>\n","protected":false},"excerpt":{"rendered":"<p>Kwesta Listopadowa na rzecz Hospicjum Mi\u0142osierdzia Bo\u017cego w Gliwicach&nbsp; Dnia 29.10.2023r. i 1.11.2023r. uczniowie naszej szko\u0142y wzi\u0119li udzia\u0142 w Kwe\u015bcie Listopadowej na rzecz Hospicjum Mi\u0142osierdzia [&hellip;]<\/p>\n","protected":false},"author":3,"featured_media":11354,"comment_status":"closed","ping_status":"closed","sticky":false,"template":"","format":"standard","meta":{"ngg_post_thumbnail":0,"footnotes":""},"categories":[4],"tags":[],"class_list":["post-11353","post","type-post","status-publish","format-standard","has-post-thumbnail","hentry","category-aktualnosci"],"_links":{"self":[{"href":"https:\/\/www.sp11.gliwice.pl\/index.php?rest_route=\/wp\/v2\/posts\/11353","targetHints":{"allow":["GET"]}}],"collection":[{"href":"https:\/\/www.sp11.gliwice.pl\/index.php?rest_route=\/wp\/v2\/posts"}],"about":[{"href":"https:\/\/www.sp11.gliwice.pl\/index.php?rest_route=\/wp\/v2\/types\/post"}],"author":[{"embeddable":true,"href":"https:\/\/www.sp11.gliwice.pl\/index.php?rest_route=\/wp\/v2\/users\/3"}],"replies":[{"embeddable":true,"href":"https:\/\/www.sp11.gliwice.pl\/index.php?rest_route=%2Fwp%2Fv2%2Fcomments&post=11353"}],"version-history":[{"count":1,"href":"https:\/\/www.sp11.gliwice.pl\/index.php?rest_route=\/wp\/v2\/posts\/11353\/revisions"}],"predecessor-version":[{"id":11355,"href":"https:\/\/www.sp11.gliwice.pl\/index.php?rest_route=\/wp\/v2\/posts\/11353\/revisions\/11355"}],"wp:featuredmedia":[{"embeddable":true,"href":"https:\/\/www.sp11.gliwice.pl\/index.php?rest_route=\/wp\/v2\/media\/11354"}],"wp:attachment":[{"href":"https:\/\/www.sp11.gliwice.pl\/index.php?rest_route=%2Fwp%2Fv2%2Fmedia&parent=11353"}],"wp:term":[{"taxonomy":"category","embeddable":true,"href":"https:\/\/www.sp11.gliwice.pl\/index.php?rest_route=%2Fwp%2Fv2%2Fcategories&post=11353"},{"taxonomy":"post_tag","embeddable":true,"href":"https:\/\/www.sp11.gliwice.pl\/index.php?rest_route=%2Fwp%2Fv2%2Ftags&post=11353"}],"curies":[{"name":"wp","href":"https:\/\/api.w.org\/{rel}","templated":true}]}}