{"id":11289,"date":"2023-10-31T11:22:06","date_gmt":"2023-10-31T10:22:06","guid":{"rendered":"https:\/\/www.sp11.gliwice.pl\/?p=11289"},"modified":"2023-10-31T11:22:06","modified_gmt":"2023-10-31T10:22:06","slug":"dzien-dyni-w-przedszkolu","status":"publish","type":"post","link":"https:\/\/www.sp11.gliwice.pl\/?p=11289","title":{"rendered":"DZIE\u0143 DYNI W PRZEDSZKOLU"},"content":{"rendered":"<p><span style=\"color: #000000;\">27 pa\u017adziernika w grupie przedszkolak\u00f3w odby\u0142 si\u0119 Dzie\u0144 Dyni. Wsp\u00f3lnie uczestniczyli\u015bmy w zaj\u0119ciach, podczas kt\u00f3rych poznali\u015bmy bardzo zdrowe i urodziwe warzywo jakim jest dynia.<\/span><\/p>\n<p><span style=\"color: #000000;\">Tego dnia przynie\u015bli\u015bmy do przedszkola dynie i ubrali\u015bmy si\u0119 na kolor pomara\u0144czowy. \u201eDzie\u0144 Dyni\u201d pozwoli\u0142 nam pozna\u0107 wielk\u0105 r\u00f3\u017cnorodno\u015b\u0107 dy\u0144 i wzbogaci\u0142 nasz\u0105 wiedz\u0119 na ich temat ( dzi\u0119ki prezentacji multimedialnej ) .<\/span><\/p>\n<p><span style=\"color: #000000;\">&nbsp;&nbsp;&nbsp; Przedszkolaki samodzielnie przyozdobi\u0142y swoje dynie, s\u0105 prze\u015bliczne, co mo\u017cna zobaczy\u0107 na naszych zdj\u0119ciach! Brawa dla dzieci!!!<\/span><\/p>\n<p style=\"text-align: right;\"><em>mgr Cecylia Pierzcha\u0142a<\/em><\/p>\nngg_shortcode_0_placeholder\n","protected":false},"excerpt":{"rendered":"<p>27 pa\u017adziernika w grupie przedszkolak\u00f3w odby\u0142 si\u0119 Dzie\u0144 Dyni. Wsp\u00f3lnie uczestniczyli\u015bmy w zaj\u0119ciach, podczas kt\u00f3rych poznali\u015bmy bardzo zdrowe i urodziwe warzywo jakim jest dynia. Tego [&hellip;]<\/p>\n","protected":false},"author":3,"featured_media":11290,"comment_status":"closed","ping_status":"closed","sticky":false,"template":"","format":"standard","meta":{"ngg_post_thumbnail":0,"footnotes":""},"categories":[4],"tags":[],"class_list":["post-11289","post","type-post","status-publish","format-standard","has-post-thumbnail","hentry","category-aktualnosci"],"_links":{"self":[{"href":"https:\/\/www.sp11.gliwice.pl\/index.php?rest_route=\/wp\/v2\/posts\/11289","targetHints":{"allow":["GET"]}}],"collection":[{"href":"https:\/\/www.sp11.gliwice.pl\/index.php?rest_route=\/wp\/v2\/posts"}],"about":[{"href":"https:\/\/www.sp11.gliwice.pl\/index.php?rest_route=\/wp\/v2\/types\/post"}],"author":[{"embeddable":true,"href":"https:\/\/www.sp11.gliwice.pl\/index.php?rest_route=\/wp\/v2\/users\/3"}],"replies":[{"embeddable":true,"href":"https:\/\/www.sp11.gliwice.pl\/index.php?rest_route=%2Fwp%2Fv2%2Fcomments&post=11289"}],"version-history":[{"count":1,"href":"https:\/\/www.sp11.gliwice.pl\/index.php?rest_route=\/wp\/v2\/posts\/11289\/revisions"}],"predecessor-version":[{"id":11291,"href":"https:\/\/www.sp11.gliwice.pl\/index.php?rest_route=\/wp\/v2\/posts\/11289\/revisions\/11291"}],"wp:featuredmedia":[{"embeddable":true,"href":"https:\/\/www.sp11.gliwice.pl\/index.php?rest_route=\/wp\/v2\/media\/11290"}],"wp:attachment":[{"href":"https:\/\/www.sp11.gliwice.pl\/index.php?rest_route=%2Fwp%2Fv2%2Fmedia&parent=11289"}],"wp:term":[{"taxonomy":"category","embeddable":true,"href":"https:\/\/www.sp11.gliwice.pl\/index.php?rest_route=%2Fwp%2Fv2%2Fcategories&post=11289"},{"taxonomy":"post_tag","embeddable":true,"href":"https:\/\/www.sp11.gliwice.pl\/index.php?rest_route=%2Fwp%2Fv2%2Ftags&post=11289"}],"curies":[{"name":"wp","href":"https:\/\/api.w.org\/{rel}","templated":true}]}}