{"id":11203,"date":"2023-10-26T19:33:18","date_gmt":"2023-10-26T17:33:18","guid":{"rendered":"https:\/\/www.sp11.gliwice.pl\/?p=11203"},"modified":"2023-10-26T19:49:47","modified_gmt":"2023-10-26T17:49:47","slug":"dzien-kundelka-3","status":"publish","type":"post","link":"https:\/\/www.sp11.gliwice.pl\/?p=11203","title":{"rendered":"Dzie\u0144 Kundelka"},"content":{"rendered":"<p><span style=\"color: #000000;\">Gdy by\u0142 ma\u0142y, to znalaz\u0142am go w ogr\u00f3dku<\/span><br \/>\n<span style=\"color: #000000;\">I wygl\u0105da\u0142 jak czterdzie\u015bci dziewi\u0119\u0107 smutk\u00f3w<\/span><br \/>\n<span style=\"color: #000000;\">Taki ma\u0142y, taki chudy, nie mia\u0142 domu ani budy<\/span><br \/>\n<span style=\"color: #000000;\">Wi\u0119c go, wzi\u0119\u0142am, przygarn\u0119\u0142am, no i jest<\/span><\/p>\n<p><span style=\"color: #000000;\">Razem ze mn\u0105 kundel bury<\/span><br \/>\n<span style=\"color: #000000;\">Penetruje wszystkie dziury<\/span><br \/>\n<span style=\"color: #000000;\">Kundel bury, kundel bury<\/span><br \/>\n<span style=\"color: #000000;\">Kundel bury, fajny pies<\/span><\/p>\n<p><span style=\"color: #000000;\">Gdy jest obiad, to o kundlu najpierw my\u015bl\u0119<\/span><br \/>\n<span style=\"color: #000000;\">Gdy jest brudny, to go latem k\u0105pi\u0119 w Wi\u015ble<\/span><br \/>\n<span style=\"color: #000000;\">Ma numerek, ma obro\u017c\u0119 i wygl\u0105da nie najgorzej<\/span><br \/>\n<span style=\"color: #000000;\">Chocia\u017c czasem kto\u015b zapyta &#8222;co to jest?&#8221;<\/span><\/p>\n<p><span style=\"color: #000000;\">Razem ze mn\u0105 kundel bury<\/span><br \/>\n<span style=\"color: #000000;\">Penetruje wszystkie dziury<\/span><br \/>\n<span style=\"color: #000000;\">Kundel bury, kundel bury<\/span><br \/>\n<span style=\"color: #000000;\">Kundel bury, fajny pies<\/span><\/p>\n<p><span style=\"color: #000000;\">Ludzie maj\u0105 r\u00f3\u017cne pudle i jamniki<\/span><br \/>\n<span style=\"color: #000000;\">Ale ja nie zamieni\u0142abym si\u0119 z nikim<\/span><br \/>\n<span style=\"color: #000000;\">Tylko mam troszeczk\u0119 \u017calu, \u017ce nie dadz\u0105 mu medalu<\/span><br \/>\n<span style=\"color: #000000;\">Bo m\u00f3j kundel to na medal przecie\u017c jest<\/span><\/p>\n<p><span style=\"color: #000000;\">Dzie\u0144 Kundelka to nieformalne, lecz wa\u017cne \u015bwi\u0119to. 25 pa\u017adziernika obchodz\u0105 je wszystkie wielorasowe pieski. Dlaczego ta data? Jest to dzie\u0144 po rocznicy wej\u015bcia w \u017cycie polskiej ustawy o ochronie zwierz\u0105t.<\/span><br \/>\n<span style=\"color: #000000;\">W tym dniu przedszkolaki dowiedzia\u0142y si\u0119 kilku ciekawostek o czworono\u017cnych przyjacio\u0142ach cz\u0142owieka, pochwali\u0142y si\u0119 r\u00f3wnie\u017c zdj\u0119ciami swoich piesk\u00f3w, oraz pokolorowa\u0142y kolorowank\u0119 przedstawiaj\u0105c\u0105 psa. \ud83d\ude42<\/span><\/p>\n<p style=\"text-align: right;\"><em>mgr Katarzyna Szyd\u0142o<\/em><\/p>\nngg_shortcode_0_placeholder\n","protected":false},"excerpt":{"rendered":"<p>Gdy by\u0142 ma\u0142y, to znalaz\u0142am go w ogr\u00f3dku I wygl\u0105da\u0142 jak czterdzie\u015bci dziewi\u0119\u0107 smutk\u00f3w Taki ma\u0142y, taki chudy, nie mia\u0142 domu ani budy Wi\u0119c go, [&hellip;]<\/p>\n","protected":false},"author":3,"featured_media":11204,"comment_status":"closed","ping_status":"closed","sticky":false,"template":"","format":"standard","meta":{"ngg_post_thumbnail":0,"footnotes":""},"categories":[4],"tags":[],"class_list":["post-11203","post","type-post","status-publish","format-standard","has-post-thumbnail","hentry","category-aktualnosci"],"_links":{"self":[{"href":"https:\/\/www.sp11.gliwice.pl\/index.php?rest_route=\/wp\/v2\/posts\/11203","targetHints":{"allow":["GET"]}}],"collection":[{"href":"https:\/\/www.sp11.gliwice.pl\/index.php?rest_route=\/wp\/v2\/posts"}],"about":[{"href":"https:\/\/www.sp11.gliwice.pl\/index.php?rest_route=\/wp\/v2\/types\/post"}],"author":[{"embeddable":true,"href":"https:\/\/www.sp11.gliwice.pl\/index.php?rest_route=\/wp\/v2\/users\/3"}],"replies":[{"embeddable":true,"href":"https:\/\/www.sp11.gliwice.pl\/index.php?rest_route=%2Fwp%2Fv2%2Fcomments&post=11203"}],"version-history":[{"count":2,"href":"https:\/\/www.sp11.gliwice.pl\/index.php?rest_route=\/wp\/v2\/posts\/11203\/revisions"}],"predecessor-version":[{"id":11221,"href":"https:\/\/www.sp11.gliwice.pl\/index.php?rest_route=\/wp\/v2\/posts\/11203\/revisions\/11221"}],"wp:featuredmedia":[{"embeddable":true,"href":"https:\/\/www.sp11.gliwice.pl\/index.php?rest_route=\/wp\/v2\/media\/11204"}],"wp:attachment":[{"href":"https:\/\/www.sp11.gliwice.pl\/index.php?rest_route=%2Fwp%2Fv2%2Fmedia&parent=11203"}],"wp:term":[{"taxonomy":"category","embeddable":true,"href":"https:\/\/www.sp11.gliwice.pl\/index.php?rest_route=%2Fwp%2Fv2%2Fcategories&post=11203"},{"taxonomy":"post_tag","embeddable":true,"href":"https:\/\/www.sp11.gliwice.pl\/index.php?rest_route=%2Fwp%2Fv2%2Ftags&post=11203"}],"curies":[{"name":"wp","href":"https:\/\/api.w.org\/{rel}","templated":true}]}}