{"id":11184,"date":"2023-10-23T22:24:39","date_gmt":"2023-10-23T20:24:39","guid":{"rendered":"https:\/\/www.sp11.gliwice.pl\/?p=11184"},"modified":"2023-10-23T22:24:39","modified_gmt":"2023-10-23T20:24:39","slug":"krakow-nieco-inaczej","status":"publish","type":"post","link":"https:\/\/www.sp11.gliwice.pl\/?p=11184","title":{"rendered":"Krak\u00f3w nieco inaczej"},"content":{"rendered":"<p><span style=\"color: #000000;\">18 pa\u017adziernika klasa 7a uda\u0142a si\u0119 do Krakowa na nietypow\u0105 wycieczk\u0119 o charakterze fizyczno-historycznym. Najpierw zwiedzili\u015bmy Bazylik\u0119 \u015bw. Micha\u0142a Archanio\u0142a i \u015bw. Stanis\u0142awa na Ska\u0142ce, potem udali\u015bmy si\u0119 na klimatyczny Kazimierz \u2013 w\u0119druj\u0105c od jego cz\u0119\u015bci&nbsp; chrze\u015bcija\u0144skiej a\u017c do cz\u0119\u015bci \u017cydowskiej (tu mieli\u015bmy okazj\u0119 zobaczy\u0107 m. in. Synagog\u0119 Remu oraz cmentarz \u017cydowski, a tak\u017ce posmakowa\u0107 s\u0142ynnych krakowskich zapiekanek).<\/span><\/p>\n<p><span style=\"color: #000000;\">&nbsp;&nbsp;&nbsp;&nbsp;&nbsp;&nbsp;&nbsp;&nbsp;&nbsp;&nbsp;&nbsp; Odwiedzili\u015bmy r\u00f3wnie\u017c Muzeum Uniwersytetu Jagiello\u0144skiego Collegium Maius, gdzie mieli\u015bmy okazj\u0119 zobaczy\u0107 wystaw\u0119 interaktywn\u0105 ,,Nauki dawne i niedawne\u201d oraz wykona\u0107 r\u00f3\u017cnorodne do\u015bwiadczenia fizyczne.<\/span><\/p>\n<p><span style=\"color: #000000;\">&nbsp;&nbsp;&nbsp;&nbsp;&nbsp;&nbsp;&nbsp;&nbsp;&nbsp;&nbsp;&nbsp; Kolejnym punktem programu by\u0142 spacer po Plantach i Starym Mie\u015bcie \u2013 najstarszym obszarze Krakowa, a nast\u0119pnie zwiedzenie Rynku Podziemnego.<\/span><\/p>\n<p><span style=\"color: #000000;\">&nbsp;&nbsp;&nbsp;&nbsp;&nbsp;&nbsp;&nbsp;&nbsp;&nbsp;&nbsp;&nbsp; Stamt\u0105d udali\u015bmy si\u0119 nad Wis\u0142\u0119, pod Wawel, aby przywita\u0107 si\u0119 z ziej\u0105cym ogniem smokiem.<\/span><\/p>\n<p><span style=\"color: #000000;\">&nbsp;&nbsp;&nbsp;&nbsp;&nbsp;&nbsp;&nbsp;&nbsp;&nbsp;&nbsp;&nbsp; Ta nietypowa wyprawa pokaza\u0142a nam dawn\u0105 stolic\u0119 Polski z zupe\u0142nie innej strony i pozostawi\u0142a w nas ciekawe wspomnienia.<\/span><\/p>\n<p style=\"text-align: right;\"><em>Hanna Szewczyk \u2013 kl. 7a<\/em><\/p>\nngg_shortcode_0_placeholder\n","protected":false},"excerpt":{"rendered":"<p>18 pa\u017adziernika klasa 7a uda\u0142a si\u0119 do Krakowa na nietypow\u0105 wycieczk\u0119 o charakterze fizyczno-historycznym. Najpierw zwiedzili\u015bmy Bazylik\u0119 \u015bw. Micha\u0142a Archanio\u0142a i \u015bw. Stanis\u0142awa na Ska\u0142ce, [&hellip;]<\/p>\n","protected":false},"author":3,"featured_media":11185,"comment_status":"closed","ping_status":"closed","sticky":false,"template":"","format":"standard","meta":{"ngg_post_thumbnail":0,"footnotes":""},"categories":[4],"tags":[],"class_list":["post-11184","post","type-post","status-publish","format-standard","has-post-thumbnail","hentry","category-aktualnosci"],"_links":{"self":[{"href":"https:\/\/www.sp11.gliwice.pl\/index.php?rest_route=\/wp\/v2\/posts\/11184","targetHints":{"allow":["GET"]}}],"collection":[{"href":"https:\/\/www.sp11.gliwice.pl\/index.php?rest_route=\/wp\/v2\/posts"}],"about":[{"href":"https:\/\/www.sp11.gliwice.pl\/index.php?rest_route=\/wp\/v2\/types\/post"}],"author":[{"embeddable":true,"href":"https:\/\/www.sp11.gliwice.pl\/index.php?rest_route=\/wp\/v2\/users\/3"}],"replies":[{"embeddable":true,"href":"https:\/\/www.sp11.gliwice.pl\/index.php?rest_route=%2Fwp%2Fv2%2Fcomments&post=11184"}],"version-history":[{"count":1,"href":"https:\/\/www.sp11.gliwice.pl\/index.php?rest_route=\/wp\/v2\/posts\/11184\/revisions"}],"predecessor-version":[{"id":11186,"href":"https:\/\/www.sp11.gliwice.pl\/index.php?rest_route=\/wp\/v2\/posts\/11184\/revisions\/11186"}],"wp:featuredmedia":[{"embeddable":true,"href":"https:\/\/www.sp11.gliwice.pl\/index.php?rest_route=\/wp\/v2\/media\/11185"}],"wp:attachment":[{"href":"https:\/\/www.sp11.gliwice.pl\/index.php?rest_route=%2Fwp%2Fv2%2Fmedia&parent=11184"}],"wp:term":[{"taxonomy":"category","embeddable":true,"href":"https:\/\/www.sp11.gliwice.pl\/index.php?rest_route=%2Fwp%2Fv2%2Fcategories&post=11184"},{"taxonomy":"post_tag","embeddable":true,"href":"https:\/\/www.sp11.gliwice.pl\/index.php?rest_route=%2Fwp%2Fv2%2Ftags&post=11184"}],"curies":[{"name":"wp","href":"https:\/\/api.w.org\/{rel}","templated":true}]}}