{"id":11177,"date":"2023-10-22T20:27:15","date_gmt":"2023-10-22T18:27:15","guid":{"rendered":"https:\/\/www.sp11.gliwice.pl\/?p=11177"},"modified":"2023-10-22T20:27:15","modified_gmt":"2023-10-22T18:27:15","slug":"11177","status":"publish","type":"post","link":"https:\/\/www.sp11.gliwice.pl\/?p=11177","title":{"rendered":""},"content":{"rendered":"<div dir=\"auto\"><span style=\"color: #000000;\">Odpowiadaj\u0105c na potrzeby m\u0142odych ludzi w zakresie dokonywania w przysz\u0142o\u015bci trafnych wybor\u00f3w edukacyjnych i zawodowych, w dniu 20.10.2023 r. w klasach 8a i 7a odby\u0142y si\u0119 zaj\u0119cia dotycz\u0105ce &#8222;Promocji aktywno\u015bci zawodowej uczni\u00f3w&#8221;. Prelekcje w klasach w ramach Og\u00f3lnopolskiego Tygodnia Kariery przeprowadzili pracownicy M\u0142odzie\u017cowych Centr\u00f3w Kariery w Gliwicach i w Zabrzu. Za wsp\u00f3\u0142prac\u0119 dzi\u0119kujemy doradcy zawodowemu &#8211; pani Aleksandrze Dworok -Pasternak i po\u015brednikowi pracy pani Natalii Kozio\u0142.<\/span><\/div>\n<div dir=\"auto\" style=\"text-align: right;\"><em>mgr Joanna Magiera &#8211; pedagog szkolny<\/em><\/div>\n<div dir=\"auto\">ngg_shortcode_0_placeholder<\/div>\n","protected":false},"excerpt":{"rendered":"<p>Odpowiadaj\u0105c na potrzeby m\u0142odych ludzi w zakresie dokonywania w przysz\u0142o\u015bci trafnych wybor\u00f3w edukacyjnych i zawodowych, w dniu 20.10.2023 r. w klasach 8a i 7a odby\u0142y [&hellip;]<\/p>\n","protected":false},"author":3,"featured_media":11178,"comment_status":"closed","ping_status":"closed","sticky":false,"template":"","format":"standard","meta":{"ngg_post_thumbnail":0,"footnotes":""},"categories":[4],"tags":[],"class_list":["post-11177","post","type-post","status-publish","format-standard","has-post-thumbnail","hentry","category-aktualnosci"],"_links":{"self":[{"href":"https:\/\/www.sp11.gliwice.pl\/index.php?rest_route=\/wp\/v2\/posts\/11177","targetHints":{"allow":["GET"]}}],"collection":[{"href":"https:\/\/www.sp11.gliwice.pl\/index.php?rest_route=\/wp\/v2\/posts"}],"about":[{"href":"https:\/\/www.sp11.gliwice.pl\/index.php?rest_route=\/wp\/v2\/types\/post"}],"author":[{"embeddable":true,"href":"https:\/\/www.sp11.gliwice.pl\/index.php?rest_route=\/wp\/v2\/users\/3"}],"replies":[{"embeddable":true,"href":"https:\/\/www.sp11.gliwice.pl\/index.php?rest_route=%2Fwp%2Fv2%2Fcomments&post=11177"}],"version-history":[{"count":1,"href":"https:\/\/www.sp11.gliwice.pl\/index.php?rest_route=\/wp\/v2\/posts\/11177\/revisions"}],"predecessor-version":[{"id":11179,"href":"https:\/\/www.sp11.gliwice.pl\/index.php?rest_route=\/wp\/v2\/posts\/11177\/revisions\/11179"}],"wp:featuredmedia":[{"embeddable":true,"href":"https:\/\/www.sp11.gliwice.pl\/index.php?rest_route=\/wp\/v2\/media\/11178"}],"wp:attachment":[{"href":"https:\/\/www.sp11.gliwice.pl\/index.php?rest_route=%2Fwp%2Fv2%2Fmedia&parent=11177"}],"wp:term":[{"taxonomy":"category","embeddable":true,"href":"https:\/\/www.sp11.gliwice.pl\/index.php?rest_route=%2Fwp%2Fv2%2Fcategories&post=11177"},{"taxonomy":"post_tag","embeddable":true,"href":"https:\/\/www.sp11.gliwice.pl\/index.php?rest_route=%2Fwp%2Fv2%2Ftags&post=11177"}],"curies":[{"name":"wp","href":"https:\/\/api.w.org\/{rel}","templated":true}]}}