{"id":11167,"date":"2023-10-22T20:19:25","date_gmt":"2023-10-22T18:19:25","guid":{"rendered":"https:\/\/www.sp11.gliwice.pl\/?p=11167"},"modified":"2023-10-22T20:19:25","modified_gmt":"2023-10-22T18:19:25","slug":"kiszenie-kapusty-u-kubusiow-puchatkow","status":"publish","type":"post","link":"https:\/\/www.sp11.gliwice.pl\/?p=11167","title":{"rendered":"KISZENIE  KAPUSTY  U  KUBUSI\u00d3W  PUCHATK\u00d3W"},"content":{"rendered":"<p>&nbsp; &nbsp; <span style=\"color: #993300;\">19 pa\u017adziernika przedszkolaki uczestniczy\u0142y w zaj\u0119ciach, kt\u00f3rych g\u0142\u00f3wn\u0105 bohaterk\u0105 by\u0142a wszystkim doskonale znana&#8230;.kapusta. Na pocz\u0105tku dzieci wypowiada\u0142y si\u0119 na temat w\u0142asnych do\u015bwiadcze\u0144 zwi\u0105zanych z przygotowywaniem przetwor\u00f3w na zim\u0119.<\/span><\/p>\n<p><span style=\"color: #993300;\">&nbsp;&nbsp;&nbsp;&nbsp;&nbsp; Dzieci pozna\u0142y w\u0142a\u015bciwo\u015bci zdrowotne kapusty zar\u00f3wno surowej jak i kiszonej, dzieli\u0142y si\u0119 swoj\u0105 wiedz\u0105 na temat sposob\u00f3w jej przygotowania do spo\u017cycia.<\/span><\/p>\n<p><span style=\"color: #993300;\">Same przyodziane w fartuszki ochronne i r\u0119kawiczki jednorazowe uczestniczy\u0142y w &nbsp;procesie kiszenia kapusty.<\/span><\/p>\n<p><span style=\"color: #993300;\">&nbsp;&nbsp;&nbsp;&nbsp; Wielk\u0105 frajd\u0119 sprawia\u0142y im czynno\u015bci wykonywane podczas tej &#8221; produkcji&#8221; (dosypywanie marchewki, kminku, soli, w\u0142a\u015bciwe ugniatanie&#8230;)<\/span><\/p>\n<p><span style=\"color: #993300;\">&nbsp;&nbsp; &nbsp;Efektem pracy przedszkolak\u00f3w, s\u0105 s\u0142oiki wype\u0142nione <strong>ZDROWYM&nbsp; JEDZENIEM!!!<\/strong><\/span><\/p>\n<p style=\"text-align: right;\"><em>mgr Cecylia Pierzcha\u0142a<\/em><\/p>\nngg_shortcode_0_placeholder\n","protected":false},"excerpt":{"rendered":"<p>&nbsp; &nbsp; 19 pa\u017adziernika przedszkolaki uczestniczy\u0142y w zaj\u0119ciach, kt\u00f3rych g\u0142\u00f3wn\u0105 bohaterk\u0105 by\u0142a wszystkim doskonale znana&#8230;.kapusta. Na pocz\u0105tku dzieci wypowiada\u0142y si\u0119 na temat w\u0142asnych do\u015bwiadcze\u0144 zwi\u0105zanych [&hellip;]<\/p>\n","protected":false},"author":3,"featured_media":11168,"comment_status":"closed","ping_status":"closed","sticky":false,"template":"","format":"standard","meta":{"ngg_post_thumbnail":0,"footnotes":""},"categories":[4],"tags":[],"class_list":["post-11167","post","type-post","status-publish","format-standard","has-post-thumbnail","hentry","category-aktualnosci"],"_links":{"self":[{"href":"https:\/\/www.sp11.gliwice.pl\/index.php?rest_route=\/wp\/v2\/posts\/11167","targetHints":{"allow":["GET"]}}],"collection":[{"href":"https:\/\/www.sp11.gliwice.pl\/index.php?rest_route=\/wp\/v2\/posts"}],"about":[{"href":"https:\/\/www.sp11.gliwice.pl\/index.php?rest_route=\/wp\/v2\/types\/post"}],"author":[{"embeddable":true,"href":"https:\/\/www.sp11.gliwice.pl\/index.php?rest_route=\/wp\/v2\/users\/3"}],"replies":[{"embeddable":true,"href":"https:\/\/www.sp11.gliwice.pl\/index.php?rest_route=%2Fwp%2Fv2%2Fcomments&post=11167"}],"version-history":[{"count":1,"href":"https:\/\/www.sp11.gliwice.pl\/index.php?rest_route=\/wp\/v2\/posts\/11167\/revisions"}],"predecessor-version":[{"id":11169,"href":"https:\/\/www.sp11.gliwice.pl\/index.php?rest_route=\/wp\/v2\/posts\/11167\/revisions\/11169"}],"wp:featuredmedia":[{"embeddable":true,"href":"https:\/\/www.sp11.gliwice.pl\/index.php?rest_route=\/wp\/v2\/media\/11168"}],"wp:attachment":[{"href":"https:\/\/www.sp11.gliwice.pl\/index.php?rest_route=%2Fwp%2Fv2%2Fmedia&parent=11167"}],"wp:term":[{"taxonomy":"category","embeddable":true,"href":"https:\/\/www.sp11.gliwice.pl\/index.php?rest_route=%2Fwp%2Fv2%2Fcategories&post=11167"},{"taxonomy":"post_tag","embeddable":true,"href":"https:\/\/www.sp11.gliwice.pl\/index.php?rest_route=%2Fwp%2Fv2%2Ftags&post=11167"}],"curies":[{"name":"wp","href":"https:\/\/api.w.org\/{rel}","templated":true}]}}