{"id":11116,"date":"2023-10-22T20:04:46","date_gmt":"2023-10-22T18:04:46","guid":{"rendered":"https:\/\/www.sp11.gliwice.pl\/?p=11116"},"modified":"2023-10-22T20:04:46","modified_gmt":"2023-10-22T18:04:46","slug":"odpowiedzialnosc-prawna-osob-nieletnich","status":"publish","type":"post","link":"https:\/\/www.sp11.gliwice.pl\/?p=11116","title":{"rendered":"Odpowiedzialno\u015b\u0107 prawna os\u00f3b nieletnich &#8230;"},"content":{"rendered":"<p><span style=\"color: #000000;\">W ramach kontynuacji wsp\u00f3\u0142pracy z Komend\u0105 Miejsk\u0105 Policji w Gliwicach, mieli\u015bmy przyjemno\u015b\u0107 \u015bwi\u0119towa\u0107 Dzie\u0144 Edukacji Narodowej razem z panem Mateuszem Pi\u00f3rkowskim &#8211; m\u0142. asp. w Wydziale Prewencji KMP w Gliwicach. Pan Pi\u00f3rkowski nie tylko u\u015bwietni\u0142 swoj\u0105 obecno\u015bci\u0105 cz\u0119\u015b\u0107 oficjaln\u0105 &#8211; akademi\u0119, ale r\u00f3wnie\u017c tego samego dnia odby\u0142 spotkania z uczniami w klasach: 4a, 5a, 7a, 8a, podejmuj\u0105c wa\u017cny temat &#8222;Odpowiedzialno\u015bci prawnej os\u00f3b nieletnich&#8221;. Temat bezpiecze\u0144stwa jest dla nas bardzo wa\u017cny, dlatego dzi\u0119kujemy p. Pi\u00f3rkowskiemu za obecno\u015b\u0107, gotowo\u015b\u0107 do pomocy i liczymy na dalsz\u0105, efektywn\u0105 wsp\u00f3\u0142prac\u0119.<\/span><\/p>\n<p style=\"text-align: right;\"><em>mgr Joanna Magiera &#8211; pedagog szkolny<\/em><\/p>\nngg_shortcode_0_placeholder\n","protected":false},"excerpt":{"rendered":"<p>W ramach kontynuacji wsp\u00f3\u0142pracy z Komend\u0105 Miejsk\u0105 Policji w Gliwicach, mieli\u015bmy przyjemno\u015b\u0107 \u015bwi\u0119towa\u0107 Dzie\u0144 Edukacji Narodowej razem z panem Mateuszem Pi\u00f3rkowskim &#8211; m\u0142. asp. w [&hellip;]<\/p>\n","protected":false},"author":3,"featured_media":11117,"comment_status":"closed","ping_status":"closed","sticky":false,"template":"","format":"standard","meta":{"ngg_post_thumbnail":0,"footnotes":""},"categories":[4],"tags":[],"class_list":["post-11116","post","type-post","status-publish","format-standard","has-post-thumbnail","hentry","category-aktualnosci"],"_links":{"self":[{"href":"https:\/\/www.sp11.gliwice.pl\/index.php?rest_route=\/wp\/v2\/posts\/11116","targetHints":{"allow":["GET"]}}],"collection":[{"href":"https:\/\/www.sp11.gliwice.pl\/index.php?rest_route=\/wp\/v2\/posts"}],"about":[{"href":"https:\/\/www.sp11.gliwice.pl\/index.php?rest_route=\/wp\/v2\/types\/post"}],"author":[{"embeddable":true,"href":"https:\/\/www.sp11.gliwice.pl\/index.php?rest_route=\/wp\/v2\/users\/3"}],"replies":[{"embeddable":true,"href":"https:\/\/www.sp11.gliwice.pl\/index.php?rest_route=%2Fwp%2Fv2%2Fcomments&post=11116"}],"version-history":[{"count":1,"href":"https:\/\/www.sp11.gliwice.pl\/index.php?rest_route=\/wp\/v2\/posts\/11116\/revisions"}],"predecessor-version":[{"id":11118,"href":"https:\/\/www.sp11.gliwice.pl\/index.php?rest_route=\/wp\/v2\/posts\/11116\/revisions\/11118"}],"wp:featuredmedia":[{"embeddable":true,"href":"https:\/\/www.sp11.gliwice.pl\/index.php?rest_route=\/wp\/v2\/media\/11117"}],"wp:attachment":[{"href":"https:\/\/www.sp11.gliwice.pl\/index.php?rest_route=%2Fwp%2Fv2%2Fmedia&parent=11116"}],"wp:term":[{"taxonomy":"category","embeddable":true,"href":"https:\/\/www.sp11.gliwice.pl\/index.php?rest_route=%2Fwp%2Fv2%2Fcategories&post=11116"},{"taxonomy":"post_tag","embeddable":true,"href":"https:\/\/www.sp11.gliwice.pl\/index.php?rest_route=%2Fwp%2Fv2%2Ftags&post=11116"}],"curies":[{"name":"wp","href":"https:\/\/api.w.org\/{rel}","templated":true}]}}