{"id":11084,"date":"2023-10-19T09:10:27","date_gmt":"2023-10-19T07:10:27","guid":{"rendered":"https:\/\/www.sp11.gliwice.pl\/?p=11084"},"modified":"2023-10-19T09:10:27","modified_gmt":"2023-10-19T07:10:27","slug":"dzien-chleba-w-przedszkolu","status":"publish","type":"post","link":"https:\/\/www.sp11.gliwice.pl\/?p=11084","title":{"rendered":"Dzie\u0144 Chleba w przedszkolu"},"content":{"rendered":"<p><span style=\"color: #000000;\">\u015awiatowy Dzie\u0144 Chleba obchodzimy 16 pa\u017adziernika. Najpi\u0119kniejsze co mo\u017ce by\u0107 to zapach \u015bwie\u017co upieczonego chleba. Dzi\u015b na ka\u017cdym rogu i w ka\u017cdym sklepie mo\u017cna kupi\u0107 \u015bwie\u017cy bochenek pieczywa, bez kt\u00f3rego wielu z nas nie wyobra\u017ca sobie pysznego \u015bniadanka! Pszenny czy \u017cytni? A mo\u017ce mieszany? Nasze przedszkolaki podczas degustacji mia\u0142y okazj\u0119 zasmakowa\u0107 przer\u00f3\u017cnych rodzaj\u00f3w pieczywa. Utrwali\u0142y i przypomnia\u0142y sobie tak\u017ce, jak wygl\u0105da praca piekarza i jak powstaje chleb. To by\u0142 kolejny cudowny dzie\u0144 w naszym przedszkolu!<\/span><\/p>\n<p style=\"text-align: right;\"><em>mgr Katarzyna P\u0142onka<\/em><\/p>\nngg_shortcode_0_placeholder\n","protected":false},"excerpt":{"rendered":"<p>\u015awiatowy Dzie\u0144 Chleba obchodzimy 16 pa\u017adziernika. Najpi\u0119kniejsze co mo\u017ce by\u0107 to zapach \u015bwie\u017co upieczonego chleba. Dzi\u015b na ka\u017cdym rogu i w ka\u017cdym sklepie mo\u017cna kupi\u0107 [&hellip;]<\/p>\n","protected":false},"author":3,"featured_media":11085,"comment_status":"closed","ping_status":"closed","sticky":false,"template":"","format":"standard","meta":{"ngg_post_thumbnail":0,"footnotes":""},"categories":[4],"tags":[],"class_list":["post-11084","post","type-post","status-publish","format-standard","has-post-thumbnail","hentry","category-aktualnosci"],"_links":{"self":[{"href":"https:\/\/www.sp11.gliwice.pl\/index.php?rest_route=\/wp\/v2\/posts\/11084","targetHints":{"allow":["GET"]}}],"collection":[{"href":"https:\/\/www.sp11.gliwice.pl\/index.php?rest_route=\/wp\/v2\/posts"}],"about":[{"href":"https:\/\/www.sp11.gliwice.pl\/index.php?rest_route=\/wp\/v2\/types\/post"}],"author":[{"embeddable":true,"href":"https:\/\/www.sp11.gliwice.pl\/index.php?rest_route=\/wp\/v2\/users\/3"}],"replies":[{"embeddable":true,"href":"https:\/\/www.sp11.gliwice.pl\/index.php?rest_route=%2Fwp%2Fv2%2Fcomments&post=11084"}],"version-history":[{"count":1,"href":"https:\/\/www.sp11.gliwice.pl\/index.php?rest_route=\/wp\/v2\/posts\/11084\/revisions"}],"predecessor-version":[{"id":11086,"href":"https:\/\/www.sp11.gliwice.pl\/index.php?rest_route=\/wp\/v2\/posts\/11084\/revisions\/11086"}],"wp:featuredmedia":[{"embeddable":true,"href":"https:\/\/www.sp11.gliwice.pl\/index.php?rest_route=\/wp\/v2\/media\/11085"}],"wp:attachment":[{"href":"https:\/\/www.sp11.gliwice.pl\/index.php?rest_route=%2Fwp%2Fv2%2Fmedia&parent=11084"}],"wp:term":[{"taxonomy":"category","embeddable":true,"href":"https:\/\/www.sp11.gliwice.pl\/index.php?rest_route=%2Fwp%2Fv2%2Fcategories&post=11084"},{"taxonomy":"post_tag","embeddable":true,"href":"https:\/\/www.sp11.gliwice.pl\/index.php?rest_route=%2Fwp%2Fv2%2Ftags&post=11084"}],"curies":[{"name":"wp","href":"https:\/\/api.w.org\/{rel}","templated":true}]}}