{"id":11081,"date":"2023-10-18T13:14:34","date_gmt":"2023-10-18T11:14:34","guid":{"rendered":"https:\/\/www.sp11.gliwice.pl\/?p=11081"},"modified":"2023-10-18T13:14:34","modified_gmt":"2023-10-18T11:14:34","slug":"pierwsza-pomoc","status":"publish","type":"post","link":"https:\/\/www.sp11.gliwice.pl\/?p=11081","title":{"rendered":"Pierwsza pomoc&#8230;"},"content":{"rendered":"<p><span style=\"color: #000000;\">W dniu 18.10.2023 r., po raz kolejny go\u015bcili\u015bmy w naszej szkole pracownik\u00f3w Stra\u017cy Miejskiej w Gliwicach. Tym razem w klasach 5a, 8a, 6a odby\u0142y si\u0119 zaj\u0119cia dotycz\u0105ce &#8222;Udzielania pierwszej pomocy &#8222;. Prelekcje wzbogaci\u0142y \u0107wiczenia praktyczne z wykorzystaniem fantoma. Mi\u015b Stra\u017cnik r\u00f3wnie\u017c spe\u0142ni\u0142 swoj\u0105 obietnic\u0119 i odwiedzi\u0142 uczni\u00f3w kl. 2b. Temat spotkania dotyczy\u0142 &#8222;Bezpiecze\u0144stwa i sposob\u00f3w dbania o nie&#8221;.<\/span><\/p>\n<p style=\"text-align: right;\"><em>mgr Joanna Magiera &#8211; pedagog szkolny<\/em><\/p>\nngg_shortcode_0_placeholder\n","protected":false},"excerpt":{"rendered":"<p>W dniu 18.10.2023 r., po raz kolejny go\u015bcili\u015bmy w naszej szkole pracownik\u00f3w Stra\u017cy Miejskiej w Gliwicach. Tym razem w klasach 5a, 8a, 6a odby\u0142y si\u0119 [&hellip;]<\/p>\n","protected":false},"author":3,"featured_media":11082,"comment_status":"closed","ping_status":"closed","sticky":false,"template":"","format":"standard","meta":{"ngg_post_thumbnail":0,"footnotes":""},"categories":[4],"tags":[],"class_list":["post-11081","post","type-post","status-publish","format-standard","has-post-thumbnail","hentry","category-aktualnosci"],"_links":{"self":[{"href":"https:\/\/www.sp11.gliwice.pl\/index.php?rest_route=\/wp\/v2\/posts\/11081","targetHints":{"allow":["GET"]}}],"collection":[{"href":"https:\/\/www.sp11.gliwice.pl\/index.php?rest_route=\/wp\/v2\/posts"}],"about":[{"href":"https:\/\/www.sp11.gliwice.pl\/index.php?rest_route=\/wp\/v2\/types\/post"}],"author":[{"embeddable":true,"href":"https:\/\/www.sp11.gliwice.pl\/index.php?rest_route=\/wp\/v2\/users\/3"}],"replies":[{"embeddable":true,"href":"https:\/\/www.sp11.gliwice.pl\/index.php?rest_route=%2Fwp%2Fv2%2Fcomments&post=11081"}],"version-history":[{"count":1,"href":"https:\/\/www.sp11.gliwice.pl\/index.php?rest_route=\/wp\/v2\/posts\/11081\/revisions"}],"predecessor-version":[{"id":11083,"href":"https:\/\/www.sp11.gliwice.pl\/index.php?rest_route=\/wp\/v2\/posts\/11081\/revisions\/11083"}],"wp:featuredmedia":[{"embeddable":true,"href":"https:\/\/www.sp11.gliwice.pl\/index.php?rest_route=\/wp\/v2\/media\/11082"}],"wp:attachment":[{"href":"https:\/\/www.sp11.gliwice.pl\/index.php?rest_route=%2Fwp%2Fv2%2Fmedia&parent=11081"}],"wp:term":[{"taxonomy":"category","embeddable":true,"href":"https:\/\/www.sp11.gliwice.pl\/index.php?rest_route=%2Fwp%2Fv2%2Fcategories&post=11081"},{"taxonomy":"post_tag","embeddable":true,"href":"https:\/\/www.sp11.gliwice.pl\/index.php?rest_route=%2Fwp%2Fv2%2Ftags&post=11081"}],"curies":[{"name":"wp","href":"https:\/\/api.w.org\/{rel}","templated":true}]}}