{"id":10978,"date":"2023-10-12T14:20:39","date_gmt":"2023-10-12T12:20:39","guid":{"rendered":"https:\/\/www.sp11.gliwice.pl\/?p=10978"},"modified":"2023-10-12T14:20:39","modified_gmt":"2023-10-12T12:20:39","slug":"klasa-2b-na-politechnice-slaskiej","status":"publish","type":"post","link":"https:\/\/www.sp11.gliwice.pl\/?p=10978","title":{"rendered":"Klasa 2b na Politechnice \u015al\u0105skiej :)"},"content":{"rendered":"<p><span style=\"color: #000000;\">W dniu 11.10 klasa 2 b by\u0142a na wycieczce w Laboratorium Naukowo-Dydaktycznym Nanotechnologii i Technologii Materia\u0142owych Wydzia\u0142u Mechanicznego Technologicznego Politechniki \u015al\u0105skiej. Tam zwiedzali\u015bmy poszczeg\u00f3lne laboratoria :<\/span><\/p>\n<p><span style=\"color: #000000;\">Tomografii komputerowej &#8211; w tym laboratorium zrobili\u015bmy tomografi\u0119 okularom , maskotce, butom i dezodorantowi , by\u0142o to fascynuj\u0105ce zobaczy\u0107 jak to wygl\u0105da w \u015brodku w reszcie laboratori\u00f3w ogl\u0105dali\u015bmy r\u00f3\u017cne ciekawe urz\u0105dzenia i efekty ich pracy a by\u0142y to laboratoria:<\/span><\/p>\n<p><span style=\"color: #000000;\">Obr\u00f3bki plastycznej,<\/span><br \/>\n<span style=\"color: #000000;\">Technologii przyrostowych.<\/span><br \/>\n<span style=\"color: #000000;\">Przetw\u00f3rstwa tworzyw sztucznych,<\/span><br \/>\n<span style=\"color: #000000;\">Obr\u00f3bki laserowej,<\/span><br \/>\n<span style=\"color: #000000;\">Metalurgii proszk\u00f3w,<\/span><br \/>\n<span style=\"color: #000000;\">Obr\u00f3bki cieplnej<\/span><\/p>\n<p><span style=\"color: #000000;\">W sali wyk\u0142adowej zobaczyli\u015bmy prezentacje i wys\u0142uchali\u015bmy pogaw\u0119dki popularnonaukowa na temat otaczaj\u0105cych nas materia\u0142ach pt.: &#8222;5 FAKT\u00d3W, KT\u00d3RE POWINIENE\u015a WIEDZIE\u0106 O OTACZAJ\u0104CYCH CI\u0118 MATERIA\u0141ACH&#8221;.<\/span><\/p>\n<p><span style=\"color: #000000;\">Na zako\u0144czenie by\u0142 pokaz bajek i zjedli\u015bmy popcorn.<\/span><\/p>\n<p><span style=\"color: #000000;\">Wycieczka by\u0142a bardzo ciekawa i kszta\u0142c\u0105ca , dzi\u0119kujemy pani Agnieszce Nowak za umo\u017cliwienie nam takich atrakcji. \ud83d\ude42<br \/>\n<\/span><\/p>\n<p style=\"text-align: right;\"><em>mgr Jolanta Lisowska<\/em><\/p>\nngg_shortcode_0_placeholder\n","protected":false},"excerpt":{"rendered":"<p>W dniu 11.10 klasa 2 b by\u0142a na wycieczce w Laboratorium Naukowo-Dydaktycznym Nanotechnologii i Technologii Materia\u0142owych Wydzia\u0142u Mechanicznego Technologicznego Politechniki \u015al\u0105skiej. Tam zwiedzali\u015bmy poszczeg\u00f3lne laboratoria [&hellip;]<\/p>\n","protected":false},"author":3,"featured_media":10979,"comment_status":"closed","ping_status":"closed","sticky":false,"template":"","format":"standard","meta":{"ngg_post_thumbnail":0,"footnotes":""},"categories":[4],"tags":[],"class_list":["post-10978","post","type-post","status-publish","format-standard","has-post-thumbnail","hentry","category-aktualnosci"],"_links":{"self":[{"href":"https:\/\/www.sp11.gliwice.pl\/index.php?rest_route=\/wp\/v2\/posts\/10978","targetHints":{"allow":["GET"]}}],"collection":[{"href":"https:\/\/www.sp11.gliwice.pl\/index.php?rest_route=\/wp\/v2\/posts"}],"about":[{"href":"https:\/\/www.sp11.gliwice.pl\/index.php?rest_route=\/wp\/v2\/types\/post"}],"author":[{"embeddable":true,"href":"https:\/\/www.sp11.gliwice.pl\/index.php?rest_route=\/wp\/v2\/users\/3"}],"replies":[{"embeddable":true,"href":"https:\/\/www.sp11.gliwice.pl\/index.php?rest_route=%2Fwp%2Fv2%2Fcomments&post=10978"}],"version-history":[{"count":1,"href":"https:\/\/www.sp11.gliwice.pl\/index.php?rest_route=\/wp\/v2\/posts\/10978\/revisions"}],"predecessor-version":[{"id":10980,"href":"https:\/\/www.sp11.gliwice.pl\/index.php?rest_route=\/wp\/v2\/posts\/10978\/revisions\/10980"}],"wp:featuredmedia":[{"embeddable":true,"href":"https:\/\/www.sp11.gliwice.pl\/index.php?rest_route=\/wp\/v2\/media\/10979"}],"wp:attachment":[{"href":"https:\/\/www.sp11.gliwice.pl\/index.php?rest_route=%2Fwp%2Fv2%2Fmedia&parent=10978"}],"wp:term":[{"taxonomy":"category","embeddable":true,"href":"https:\/\/www.sp11.gliwice.pl\/index.php?rest_route=%2Fwp%2Fv2%2Fcategories&post=10978"},{"taxonomy":"post_tag","embeddable":true,"href":"https:\/\/www.sp11.gliwice.pl\/index.php?rest_route=%2Fwp%2Fv2%2Ftags&post=10978"}],"curies":[{"name":"wp","href":"https:\/\/api.w.org\/{rel}","templated":true}]}}