{"id":10879,"date":"2023-10-07T22:57:31","date_gmt":"2023-10-07T20:57:31","guid":{"rendered":"https:\/\/www.sp11.gliwice.pl\/?p=10879"},"modified":"2023-10-07T22:57:31","modified_gmt":"2023-10-07T20:57:31","slug":"swiatowy-dzien-usmiechu-w-przedszkolu","status":"publish","type":"post","link":"https:\/\/www.sp11.gliwice.pl\/?p=10879","title":{"rendered":"\u015awiatowy Dzie\u0144 U\u015bmiechu w Przedszkolu"},"content":{"rendered":"<p><span style=\"color: #000000;\">6.10.br. w naszym przedszkolu obchodzili\u015bmy bardzo mi\u0142y dzie\u0144<\/span><\/p>\n<p><span style=\"color: #000000;\">&nbsp;&nbsp;&nbsp;&nbsp;&nbsp;&nbsp;&nbsp;&nbsp;&nbsp;&nbsp;&nbsp;&nbsp;&nbsp; Co to jest \u015awiatowy Dzie\u0144 U\u015bmiechu?<\/span><\/p>\n<p><span style=\"color: #000000;\">&nbsp;&nbsp;&nbsp;&nbsp; Ide\u0105 tego dnia jest wykonanie prostego aktu \u017cyczliwo\u015bci dla kogo\u015b, aby sprawi\u0107, \u017ceby si\u0119 u\u015bmiechn\u0105\u0142. Je\u015bli wszyscy podejmiemy wysi\u0142ek, aby zrobi\u0107 jedn\u0105 rzecz, aby si\u0119 u\u015bmiechn\u0105\u0107, wszyscy b\u0119dziemy si\u0119 u\u015bmiecha\u0107 w mgnieniu oka.<\/span><\/p>\n<p><span style=\"color: #000000;\">&nbsp;&nbsp;&nbsp;&nbsp;&nbsp;&nbsp;&nbsp;&nbsp;&nbsp;&nbsp;&nbsp;&nbsp;&nbsp;&nbsp;&nbsp;&nbsp; Jak powsta\u0142 \u015awiatowy Dzie\u0144 U\u015bmiechu?<\/span><\/p>\n<p><span style=\"color: #000000;\">&nbsp;&nbsp; Wszyscy znamy emocji bu\u017aki, prawda? C\u00f3\u017c, w rzeczywisto\u015bci opiera si\u0119 to na projekcie stworzonym przez artyst\u0119 o imieniu Harvey Ball w 1963 roku. Harvey pierwotnie stworzy\u0142 projekt bu\u017aki dla lokalnej firmy, kt\u00f3ra chcia\u0142a podnie\u015b\u0107 morale swoich pracownik\u00f3w. Z biegiem czasu projekt r\u00f3s\u0142 i zyskiwa\u0142 na popularno\u015bci, a\u017c sta\u0142 si\u0119 mi\u0119dzynarodowym symbolem rado\u015bci i dobrej woli, jakim jest dzisiaj.<\/span><\/p>\n<p><span style=\"color: #000000;\">&nbsp;&nbsp; &nbsp;&nbsp;Pod koniec lat 90. Harvey zdecydowa\u0142, \u017ce wszyscy powinni\u015bmy po\u015bwi\u0119ci\u0107 jeden dzie\u0144 na po prostu u\u015bmiechanie si\u0119 i bycie mi\u0142ym dla siebie, tak w\u0142a\u015bnie powsta\u0142 \u015awiatowy Dzie\u0144 U\u015bmiechu. W tym dniu mo\u017cemy zapomnie\u0107 o wszystkich r\u00f3\u017cnicach i po prostu skupi\u0107 si\u0119 na byciu radosnym w stosunku do ka\u017cdego, kogo spotykamy.<\/span><\/p>\n<p><span style=\"color: #000000;\">&nbsp;&nbsp;&nbsp; Tak te\u017c zrobi\u0142y nasze przedszkolaki podczas spaceru uliczkami dzielnicy; wszyscy napotkani mieszka\u0144cy ( r\u00f3wnie\u017c panie w sklepie i aptece ) otrzymali naklejki z u\u015bmiechem<\/span><\/p>\n<p><span style=\"color: #000000;\">&nbsp;&nbsp;&nbsp;&nbsp; Nie zapomnieli\u015bmy r\u00f3wnie\u017c o Dyrekcji i pracownikach naszej Szko\u0142y!!!<\/span><\/p>\n<p><span style=\"color: #000000;\">Na zako\u0144czenie dnia dzieci otrzyma\u0142y pami\u0105tkowe dyplomiki<\/span><\/p>\n<p style=\"text-align: right;\"><em>mgr Cecylia Pierzcha\u0142a<\/em><\/p>\nngg_shortcode_0_placeholder\n","protected":false},"excerpt":{"rendered":"<p>6.10.br. w naszym przedszkolu obchodzili\u015bmy bardzo mi\u0142y dzie\u0144 &nbsp;&nbsp;&nbsp;&nbsp;&nbsp;&nbsp;&nbsp;&nbsp;&nbsp;&nbsp;&nbsp;&nbsp;&nbsp; Co to jest \u015awiatowy Dzie\u0144 U\u015bmiechu? &nbsp;&nbsp;&nbsp;&nbsp; Ide\u0105 tego dnia jest wykonanie prostego aktu \u017cyczliwo\u015bci dla [&hellip;]<\/p>\n","protected":false},"author":3,"featured_media":10880,"comment_status":"closed","ping_status":"closed","sticky":false,"template":"","format":"standard","meta":{"ngg_post_thumbnail":0,"footnotes":""},"categories":[4],"tags":[],"class_list":["post-10879","post","type-post","status-publish","format-standard","has-post-thumbnail","hentry","category-aktualnosci"],"_links":{"self":[{"href":"https:\/\/www.sp11.gliwice.pl\/index.php?rest_route=\/wp\/v2\/posts\/10879","targetHints":{"allow":["GET"]}}],"collection":[{"href":"https:\/\/www.sp11.gliwice.pl\/index.php?rest_route=\/wp\/v2\/posts"}],"about":[{"href":"https:\/\/www.sp11.gliwice.pl\/index.php?rest_route=\/wp\/v2\/types\/post"}],"author":[{"embeddable":true,"href":"https:\/\/www.sp11.gliwice.pl\/index.php?rest_route=\/wp\/v2\/users\/3"}],"replies":[{"embeddable":true,"href":"https:\/\/www.sp11.gliwice.pl\/index.php?rest_route=%2Fwp%2Fv2%2Fcomments&post=10879"}],"version-history":[{"count":1,"href":"https:\/\/www.sp11.gliwice.pl\/index.php?rest_route=\/wp\/v2\/posts\/10879\/revisions"}],"predecessor-version":[{"id":10881,"href":"https:\/\/www.sp11.gliwice.pl\/index.php?rest_route=\/wp\/v2\/posts\/10879\/revisions\/10881"}],"wp:featuredmedia":[{"embeddable":true,"href":"https:\/\/www.sp11.gliwice.pl\/index.php?rest_route=\/wp\/v2\/media\/10880"}],"wp:attachment":[{"href":"https:\/\/www.sp11.gliwice.pl\/index.php?rest_route=%2Fwp%2Fv2%2Fmedia&parent=10879"}],"wp:term":[{"taxonomy":"category","embeddable":true,"href":"https:\/\/www.sp11.gliwice.pl\/index.php?rest_route=%2Fwp%2Fv2%2Fcategories&post=10879"},{"taxonomy":"post_tag","embeddable":true,"href":"https:\/\/www.sp11.gliwice.pl\/index.php?rest_route=%2Fwp%2Fv2%2Ftags&post=10879"}],"curies":[{"name":"wp","href":"https:\/\/api.w.org\/{rel}","templated":true}]}}