{"id":10859,"date":"2023-10-06T11:05:35","date_gmt":"2023-10-06T09:05:35","guid":{"rendered":"https:\/\/www.sp11.gliwice.pl\/?p=10859"},"modified":"2023-10-06T11:05:35","modified_gmt":"2023-10-06T09:05:35","slug":"mister-szkoly-sp11","status":"publish","type":"post","link":"https:\/\/www.sp11.gliwice.pl\/?p=10859","title":{"rendered":"MISTER SZKO\u0141Y SP11 :)"},"content":{"rendered":"<p><span style=\"color: #000000;\">Z okazji Dnia Ch\u0142opaka Rada Uczni\u00f3w (a w\u0142a\u015bciwie uczennic \ud83d\ude09 ) zorganizowa\u0142a wybory Mistera SP11 w 2 kategoriach wiekowych.<\/span><br \/>\n<span style=\"color: #000000;\">Do wybor\u00f3w zg\u0142oszono kandydat\u00f3w: <\/span><br \/>\n<span style=\"color: #000000;\">klasy 1-3 <\/span><br \/>\n<span style=\"color: #000000;\">1. Wiktor Po\u015bpiech<\/span><br \/>\n<span style=\"color: #000000;\">2. Karol Wojdyna<\/span><br \/>\n<span style=\"color: #000000;\">3. Kacper W\u00f3jcik<\/span><br \/>\n<span style=\"color: #000000;\">4. Arek Nowak <\/span><\/p>\n<p><span style=\"color: #000000;\">klasy 4-8<\/span><br \/>\n<span style=\"color: #000000;\">1.Filip Jagie\u0142o<\/span><br \/>\n<span style=\"color: #000000;\">2. Wiktor Syst<\/span><br \/>\n<span style=\"color: #000000;\">3. Jakub Spyt<\/span><br \/>\n<span style=\"color: #000000;\">4. Wojciech Pia\u015bci\u0144ski<\/span><br \/>\n<span style=\"color: #000000;\">5. Jakub Lech<\/span><\/p>\n<p><span style=\"color: #000000;\">W klasach rozleg\u0142a si\u0119 zaci\u0119ta walka o g\u0142osy. Ostatecznie po dwukrotnym przeliczeniu g\u0142os\u00f3w mo\u017cna by\u0142o og\u0142osi\u0107, kto zosta\u0142 CH\u0141OPAKIEM SP11 \ud83d\ude42 <\/span><br \/>\n<span style=\"color: #000000;\">A zostaje nim :<\/span><\/p>\n<h4><span style=\"color: #000000;\">w kategorii klas 1-3 <span style=\"color: #0000ff;\"><strong>Arek Nowak<\/strong><\/span> \ud83d\ude42 <\/span><br \/>\n<span style=\"color: #000000;\">w kategori klas 4-8 &#8211; <span style=\"color: #0000ff;\"><strong>Wojciech Pia\u015bci\u0144ski \ud83d\ude42 <\/strong><\/span><\/span><\/h4>\n<p style=\"text-align: right;\"><em>Rada Uczni\u00f3w<\/em><\/p>\nngg_shortcode_0_placeholder\n","protected":false},"excerpt":{"rendered":"<p>Z okazji Dnia Ch\u0142opaka Rada Uczni\u00f3w (a w\u0142a\u015bciwie uczennic \ud83d\ude09 ) zorganizowa\u0142a wybory Mistera SP11 w 2 kategoriach wiekowych. Do wybor\u00f3w zg\u0142oszono kandydat\u00f3w: klasy 1-3 [&hellip;]<\/p>\n","protected":false},"author":3,"featured_media":10860,"comment_status":"closed","ping_status":"closed","sticky":false,"template":"","format":"standard","meta":{"ngg_post_thumbnail":0,"footnotes":""},"categories":[4],"tags":[],"class_list":["post-10859","post","type-post","status-publish","format-standard","has-post-thumbnail","hentry","category-aktualnosci"],"_links":{"self":[{"href":"https:\/\/www.sp11.gliwice.pl\/index.php?rest_route=\/wp\/v2\/posts\/10859","targetHints":{"allow":["GET"]}}],"collection":[{"href":"https:\/\/www.sp11.gliwice.pl\/index.php?rest_route=\/wp\/v2\/posts"}],"about":[{"href":"https:\/\/www.sp11.gliwice.pl\/index.php?rest_route=\/wp\/v2\/types\/post"}],"author":[{"embeddable":true,"href":"https:\/\/www.sp11.gliwice.pl\/index.php?rest_route=\/wp\/v2\/users\/3"}],"replies":[{"embeddable":true,"href":"https:\/\/www.sp11.gliwice.pl\/index.php?rest_route=%2Fwp%2Fv2%2Fcomments&post=10859"}],"version-history":[{"count":1,"href":"https:\/\/www.sp11.gliwice.pl\/index.php?rest_route=\/wp\/v2\/posts\/10859\/revisions"}],"predecessor-version":[{"id":10861,"href":"https:\/\/www.sp11.gliwice.pl\/index.php?rest_route=\/wp\/v2\/posts\/10859\/revisions\/10861"}],"wp:featuredmedia":[{"embeddable":true,"href":"https:\/\/www.sp11.gliwice.pl\/index.php?rest_route=\/wp\/v2\/media\/10860"}],"wp:attachment":[{"href":"https:\/\/www.sp11.gliwice.pl\/index.php?rest_route=%2Fwp%2Fv2%2Fmedia&parent=10859"}],"wp:term":[{"taxonomy":"category","embeddable":true,"href":"https:\/\/www.sp11.gliwice.pl\/index.php?rest_route=%2Fwp%2Fv2%2Fcategories&post=10859"},{"taxonomy":"post_tag","embeddable":true,"href":"https:\/\/www.sp11.gliwice.pl\/index.php?rest_route=%2Fwp%2Fv2%2Ftags&post=10859"}],"curies":[{"name":"wp","href":"https:\/\/api.w.org\/{rel}","templated":true}]}}