{"id":10855,"date":"2023-10-05T22:27:07","date_gmt":"2023-10-05T20:27:07","guid":{"rendered":"https:\/\/www.sp11.gliwice.pl\/?p=10855"},"modified":"2023-10-05T22:27:07","modified_gmt":"2023-10-05T20:27:07","slug":"wolontariat-wkroczyl-w-nowy-rok-szkolny","status":"publish","type":"post","link":"https:\/\/www.sp11.gliwice.pl\/?p=10855","title":{"rendered":"Wolontariat wkroczy\u0142 w nowy rok szkolny :)"},"content":{"rendered":"<p><span style=\"color: #000000;\">Wolontariat wkroczy\u0142 w nowy rok szkolny<\/span><\/p>\n<p><span style=\"color: #000000;\">Nowy rok szkolny wolontariusze naszej Szko\u0142y rozpocz\u0119li organizacj\u0105 zbi\u00f3rki przybor\u00f3w szkolnych dla dzieci z Regionalnej Plac\u00f3wki Opieku\u0144czo Terapeutycznej w Gliwicach. Ta pierwsza akcja potwierdzi\u0142a to, \u017ce nasi uczniowie i ich rodzice oraz pracownicy naszej Szko\u0142y maj\u0105 ogromne serca. Zebrali\u015bmy dla podopiecznych o\u015brodka plecaki, zeszyty, bloki, kredki, pisaki, kleje i jeszcze wiele innych potrzebnych ka\u017cdemu uczniowi przybor\u00f3w szkolnych.<\/span><\/p>\n<p><span style=\"color: #000000;\">Dzi\u0119kujemy.<\/span><\/p>\n<p style=\"text-align: right;\"><em>mgr Alicja Cielesta, mgr Urszula Skubacz<\/em><\/p>\nngg_shortcode_0_placeholder\n","protected":false},"excerpt":{"rendered":"<p>Wolontariat wkroczy\u0142 w nowy rok szkolny Nowy rok szkolny wolontariusze naszej Szko\u0142y rozpocz\u0119li organizacj\u0105 zbi\u00f3rki przybor\u00f3w szkolnych dla dzieci z Regionalnej Plac\u00f3wki Opieku\u0144czo Terapeutycznej w [&hellip;]<\/p>\n","protected":false},"author":3,"featured_media":10856,"comment_status":"closed","ping_status":"closed","sticky":false,"template":"","format":"standard","meta":{"ngg_post_thumbnail":0,"footnotes":""},"categories":[4],"tags":[],"class_list":["post-10855","post","type-post","status-publish","format-standard","has-post-thumbnail","hentry","category-aktualnosci"],"_links":{"self":[{"href":"https:\/\/www.sp11.gliwice.pl\/index.php?rest_route=\/wp\/v2\/posts\/10855","targetHints":{"allow":["GET"]}}],"collection":[{"href":"https:\/\/www.sp11.gliwice.pl\/index.php?rest_route=\/wp\/v2\/posts"}],"about":[{"href":"https:\/\/www.sp11.gliwice.pl\/index.php?rest_route=\/wp\/v2\/types\/post"}],"author":[{"embeddable":true,"href":"https:\/\/www.sp11.gliwice.pl\/index.php?rest_route=\/wp\/v2\/users\/3"}],"replies":[{"embeddable":true,"href":"https:\/\/www.sp11.gliwice.pl\/index.php?rest_route=%2Fwp%2Fv2%2Fcomments&post=10855"}],"version-history":[{"count":1,"href":"https:\/\/www.sp11.gliwice.pl\/index.php?rest_route=\/wp\/v2\/posts\/10855\/revisions"}],"predecessor-version":[{"id":10857,"href":"https:\/\/www.sp11.gliwice.pl\/index.php?rest_route=\/wp\/v2\/posts\/10855\/revisions\/10857"}],"wp:featuredmedia":[{"embeddable":true,"href":"https:\/\/www.sp11.gliwice.pl\/index.php?rest_route=\/wp\/v2\/media\/10856"}],"wp:attachment":[{"href":"https:\/\/www.sp11.gliwice.pl\/index.php?rest_route=%2Fwp%2Fv2%2Fmedia&parent=10855"}],"wp:term":[{"taxonomy":"category","embeddable":true,"href":"https:\/\/www.sp11.gliwice.pl\/index.php?rest_route=%2Fwp%2Fv2%2Fcategories&post=10855"},{"taxonomy":"post_tag","embeddable":true,"href":"https:\/\/www.sp11.gliwice.pl\/index.php?rest_route=%2Fwp%2Fv2%2Ftags&post=10855"}],"curies":[{"name":"wp","href":"https:\/\/api.w.org\/{rel}","templated":true}]}}