{"id":10847,"date":"2023-10-05T21:59:48","date_gmt":"2023-10-05T19:59:48","guid":{"rendered":"https:\/\/www.sp11.gliwice.pl\/?p=10847"},"modified":"2023-10-05T22:02:28","modified_gmt":"2023-10-05T20:02:28","slug":"probny-alarm-za-nami","status":"publish","type":"post","link":"https:\/\/www.sp11.gliwice.pl\/?p=10847","title":{"rendered":"Pr\u00f3bny alarm przeciwpo\u017carowy za nami :)"},"content":{"rendered":"<p><span style=\"color: #000000;\">W dniu dzisiejszym w naszej szkole odby\u0142 si\u0119 trening ewakuacji. <\/span><span style=\"color: #000000;\">Ca\u0142a spo\u0142eczno\u015b\u0107 szkolna stan\u0119\u0142a na wysoko\u015bci zadania i ewakuacja przebieg\u0142a bardzo sprawnie \ud83d\ude42 w 3 minuty byli\u015bmy na miejscu zbi\u00f3rki ! ) <\/span><\/p>\n<p><span style=\"color: #000000;\">Ca\u0142ej ewakuacji przygl\u0105dali si\u0119 stra\u017cacy z Pa\u0144stwowej Stra\u017cy Po\u017carnej w Gliwicach. Mamy nadziej\u0119, \u017ce pomimo sprawnej organizacji nigdy nie b\u0119dziemy uczestnikami prawdziwego alarmu.<\/span><\/p>\nngg_shortcode_0_placeholder\n","protected":false},"excerpt":{"rendered":"<p>W dniu dzisiejszym w naszej szkole odby\u0142 si\u0119 trening ewakuacji. Ca\u0142a spo\u0142eczno\u015b\u0107 szkolna stan\u0119\u0142a na wysoko\u015bci zadania i ewakuacja przebieg\u0142a bardzo sprawnie \ud83d\ude42 w 3 [&hellip;]<\/p>\n","protected":false},"author":3,"featured_media":10848,"comment_status":"closed","ping_status":"closed","sticky":false,"template":"","format":"standard","meta":{"ngg_post_thumbnail":0,"footnotes":""},"categories":[4],"tags":[],"class_list":["post-10847","post","type-post","status-publish","format-standard","has-post-thumbnail","hentry","category-aktualnosci"],"_links":{"self":[{"href":"https:\/\/www.sp11.gliwice.pl\/index.php?rest_route=\/wp\/v2\/posts\/10847","targetHints":{"allow":["GET"]}}],"collection":[{"href":"https:\/\/www.sp11.gliwice.pl\/index.php?rest_route=\/wp\/v2\/posts"}],"about":[{"href":"https:\/\/www.sp11.gliwice.pl\/index.php?rest_route=\/wp\/v2\/types\/post"}],"author":[{"embeddable":true,"href":"https:\/\/www.sp11.gliwice.pl\/index.php?rest_route=\/wp\/v2\/users\/3"}],"replies":[{"embeddable":true,"href":"https:\/\/www.sp11.gliwice.pl\/index.php?rest_route=%2Fwp%2Fv2%2Fcomments&post=10847"}],"version-history":[{"count":3,"href":"https:\/\/www.sp11.gliwice.pl\/index.php?rest_route=\/wp\/v2\/posts\/10847\/revisions"}],"predecessor-version":[{"id":10851,"href":"https:\/\/www.sp11.gliwice.pl\/index.php?rest_route=\/wp\/v2\/posts\/10847\/revisions\/10851"}],"wp:featuredmedia":[{"embeddable":true,"href":"https:\/\/www.sp11.gliwice.pl\/index.php?rest_route=\/wp\/v2\/media\/10848"}],"wp:attachment":[{"href":"https:\/\/www.sp11.gliwice.pl\/index.php?rest_route=%2Fwp%2Fv2%2Fmedia&parent=10847"}],"wp:term":[{"taxonomy":"category","embeddable":true,"href":"https:\/\/www.sp11.gliwice.pl\/index.php?rest_route=%2Fwp%2Fv2%2Fcategories&post=10847"},{"taxonomy":"post_tag","embeddable":true,"href":"https:\/\/www.sp11.gliwice.pl\/index.php?rest_route=%2Fwp%2Fv2%2Ftags&post=10847"}],"curies":[{"name":"wp","href":"https:\/\/api.w.org\/{rel}","templated":true}]}}