{"id":10798,"date":"2023-09-30T21:10:07","date_gmt":"2023-09-30T19:10:07","guid":{"rendered":"https:\/\/www.sp11.gliwice.pl\/?p=10798"},"modified":"2023-09-30T21:10:07","modified_gmt":"2023-09-30T19:10:07","slug":"europejski-tydzien-sportu-w-pigulce","status":"publish","type":"post","link":"https:\/\/www.sp11.gliwice.pl\/?p=10798","title":{"rendered":"Europejski Tydzie\u0144 Sportu w pigu\u0142ce :)"},"content":{"rendered":"<p><span style=\"color: #000000;\">&nbsp;&nbsp;&nbsp;&nbsp;&nbsp; Europejski Tydzie\u0144 Sportu jest inicjatyw\u0105 Komisji Europejskiej maj\u0105c\u0105 promowa\u0107 sport i aktywno\u015b\u0107 fizyczn\u0105 w ca\u0142ej Europie. Ta og\u00f3lnoeuropejska kampania realizowana pod has\u0142em #BeActive (B\u0105d\u017a aktywny) ma zach\u0119ci\u0107&nbsp; do aktywnego trybu \u017cycia w ci\u0105gu obchod\u00f3w Tygodnia oraz przez ca\u0142y rok!<\/span><\/p>\n<p><span style=\"color: #000000;\">&nbsp;&nbsp;&nbsp; Nasza szko\u0142a po raz kolejny aktywnie uczestniczy\u0142a przy organizacji wydarze\u0144 zwi\u0105zanych z ETS. Tegoroczna dziewi\u0105ta edycja Europejskiego Tygodnia Sportu odby\u0142a si\u0119 w dniach od 23 do 30 wrze\u015bnia 2023 r. Nasi uczniowie codziennie brali aktywny udzia\u0142 w rozgrywkach sportowych&nbsp; z r\u00f3\u017cnych dyscyplin&nbsp;&nbsp; m.in. z siatk\u00f3wki, unihokeja, badmintona, ringo jak r\u00f3wnie\u017c w konkurencjach lekkoatletycznych zdobywaj\u0105c rekordy szko\u0142y.<\/span><\/p>\n<p style=\"text-align: right;\"><em>mgr Katarzyna Ogaza<\/em><\/p>\nngg_shortcode_0_placeholder\n","protected":false},"excerpt":{"rendered":"<p>&nbsp;&nbsp;&nbsp;&nbsp;&nbsp; Europejski Tydzie\u0144 Sportu jest inicjatyw\u0105 Komisji Europejskiej maj\u0105c\u0105 promowa\u0107 sport i aktywno\u015b\u0107 fizyczn\u0105 w ca\u0142ej Europie. Ta og\u00f3lnoeuropejska kampania realizowana pod has\u0142em #BeActive (B\u0105d\u017a [&hellip;]<\/p>\n","protected":false},"author":3,"featured_media":10799,"comment_status":"closed","ping_status":"closed","sticky":false,"template":"","format":"standard","meta":{"ngg_post_thumbnail":0,"footnotes":""},"categories":[4],"tags":[],"class_list":["post-10798","post","type-post","status-publish","format-standard","has-post-thumbnail","hentry","category-aktualnosci"],"_links":{"self":[{"href":"https:\/\/www.sp11.gliwice.pl\/index.php?rest_route=\/wp\/v2\/posts\/10798","targetHints":{"allow":["GET"]}}],"collection":[{"href":"https:\/\/www.sp11.gliwice.pl\/index.php?rest_route=\/wp\/v2\/posts"}],"about":[{"href":"https:\/\/www.sp11.gliwice.pl\/index.php?rest_route=\/wp\/v2\/types\/post"}],"author":[{"embeddable":true,"href":"https:\/\/www.sp11.gliwice.pl\/index.php?rest_route=\/wp\/v2\/users\/3"}],"replies":[{"embeddable":true,"href":"https:\/\/www.sp11.gliwice.pl\/index.php?rest_route=%2Fwp%2Fv2%2Fcomments&post=10798"}],"version-history":[{"count":1,"href":"https:\/\/www.sp11.gliwice.pl\/index.php?rest_route=\/wp\/v2\/posts\/10798\/revisions"}],"predecessor-version":[{"id":10800,"href":"https:\/\/www.sp11.gliwice.pl\/index.php?rest_route=\/wp\/v2\/posts\/10798\/revisions\/10800"}],"wp:featuredmedia":[{"embeddable":true,"href":"https:\/\/www.sp11.gliwice.pl\/index.php?rest_route=\/wp\/v2\/media\/10799"}],"wp:attachment":[{"href":"https:\/\/www.sp11.gliwice.pl\/index.php?rest_route=%2Fwp%2Fv2%2Fmedia&parent=10798"}],"wp:term":[{"taxonomy":"category","embeddable":true,"href":"https:\/\/www.sp11.gliwice.pl\/index.php?rest_route=%2Fwp%2Fv2%2Fcategories&post=10798"},{"taxonomy":"post_tag","embeddable":true,"href":"https:\/\/www.sp11.gliwice.pl\/index.php?rest_route=%2Fwp%2Fv2%2Ftags&post=10798"}],"curies":[{"name":"wp","href":"https:\/\/api.w.org\/{rel}","templated":true}]}}