{"id":10772,"date":"2023-09-30T11:03:58","date_gmt":"2023-09-30T09:03:58","guid":{"rendered":"https:\/\/www.sp11.gliwice.pl\/?p=10772"},"modified":"2023-09-30T11:27:42","modified_gmt":"2023-09-30T09:27:42","slug":"dzien-chlopaka-2","status":"publish","type":"post","link":"https:\/\/www.sp11.gliwice.pl\/?p=10772","title":{"rendered":"DZIE\u0143 CH\u0141OPAKA"},"content":{"rendered":"<p><strong><span style=\"color: #993300;\">Wszystkim ch\u0142opakom du\u017cym i ma\u0142ym<\/span><\/strong><br \/>\n<strong><span style=\"color: #993300;\">\u017cyczy\u0107 dzi\u015b chcemy, by byli wspaniali.<\/span><\/strong><br \/>\n<strong><span style=\"color: #993300;\">Spe\u0142nienia marze\u0144, u\u015bmiechu, rado\u015bci,<\/span><\/strong><br \/>\n<strong><span style=\"color: #993300;\">wspania\u0142ych wra\u017ce\u0144 i du\u017co mi\u0142o\u015bci.<\/span><\/strong><br \/>\n<strong><span style=\"color: #993300;\">Du\u017co s\u0142odyczy, \u017cycia pi\u0119knego.<\/span><\/strong><br \/>\n<strong><span style=\"color: #993300;\">Wszystkiego najlepszego! \ud83d\ude42<\/span><\/strong><\/p>\n<p><span style=\"color: #000000;\">Od najm\u0142odszych lat uczymy dzieci, aby pami\u0119ta\u0142y o wa\u017cnych uroczysto\u015bciach w \u017cyciu rodziny czy \u017cyciu przedszkola. R\u00f3wnie wa\u017cne jest wi\u0119c \u015awi\u0119to Ch\u0142opc\u00f3w, kt\u00f3re obchodzimy 30 wrze\u015bnia. W\u0142a\u015bnie z tej okazji w dniu \u201e\u015awi\u0119ta Ch\u0142opc\u00f3w\u201d panie w oddzia\u0142ach przedszkolnych przygotowa\u0142y upominki i s\u0142odki pocz\u0119stunek. \ud83d\ude42<br \/>\n<\/span><\/p>\n<p><span style=\"color: #000000;\">Uczniowie szko\u0142y r\u00f3wnie\u017c \u015bwi\u0119towali ten dzie\u0144 \ud83d\ude42 Cz\u0119\u015b\u0107 uda\u0142a si\u0119 do kina, cz\u0119\u015b\u0107 zam\u00f3wi\u0142a pizz\u0119 i \u015bwi\u0119towa\u0142a w szkole \ud83d\ude42<\/span><\/p>\n<p style=\"text-align: right;\"><em>mgr Katarzyna Szyd\u0142o<\/em><\/p>\nngg_shortcode_0_placeholder\n","protected":false},"excerpt":{"rendered":"<p>Wszystkim ch\u0142opakom du\u017cym i ma\u0142ym \u017cyczy\u0107 dzi\u015b chcemy, by byli wspaniali. Spe\u0142nienia marze\u0144, u\u015bmiechu, rado\u015bci, wspania\u0142ych wra\u017ce\u0144 i du\u017co mi\u0142o\u015bci. Du\u017co s\u0142odyczy, \u017cycia pi\u0119knego. Wszystkiego [&hellip;]<\/p>\n","protected":false},"author":3,"featured_media":10773,"comment_status":"closed","ping_status":"closed","sticky":false,"template":"","format":"standard","meta":{"ngg_post_thumbnail":0,"footnotes":""},"categories":[4],"tags":[],"class_list":["post-10772","post","type-post","status-publish","format-standard","has-post-thumbnail","hentry","category-aktualnosci"],"_links":{"self":[{"href":"https:\/\/www.sp11.gliwice.pl\/index.php?rest_route=\/wp\/v2\/posts\/10772","targetHints":{"allow":["GET"]}}],"collection":[{"href":"https:\/\/www.sp11.gliwice.pl\/index.php?rest_route=\/wp\/v2\/posts"}],"about":[{"href":"https:\/\/www.sp11.gliwice.pl\/index.php?rest_route=\/wp\/v2\/types\/post"}],"author":[{"embeddable":true,"href":"https:\/\/www.sp11.gliwice.pl\/index.php?rest_route=\/wp\/v2\/users\/3"}],"replies":[{"embeddable":true,"href":"https:\/\/www.sp11.gliwice.pl\/index.php?rest_route=%2Fwp%2Fv2%2Fcomments&post=10772"}],"version-history":[{"count":2,"href":"https:\/\/www.sp11.gliwice.pl\/index.php?rest_route=\/wp\/v2\/posts\/10772\/revisions"}],"predecessor-version":[{"id":10775,"href":"https:\/\/www.sp11.gliwice.pl\/index.php?rest_route=\/wp\/v2\/posts\/10772\/revisions\/10775"}],"wp:featuredmedia":[{"embeddable":true,"href":"https:\/\/www.sp11.gliwice.pl\/index.php?rest_route=\/wp\/v2\/media\/10773"}],"wp:attachment":[{"href":"https:\/\/www.sp11.gliwice.pl\/index.php?rest_route=%2Fwp%2Fv2%2Fmedia&parent=10772"}],"wp:term":[{"taxonomy":"category","embeddable":true,"href":"https:\/\/www.sp11.gliwice.pl\/index.php?rest_route=%2Fwp%2Fv2%2Fcategories&post=10772"},{"taxonomy":"post_tag","embeddable":true,"href":"https:\/\/www.sp11.gliwice.pl\/index.php?rest_route=%2Fwp%2Fv2%2Ftags&post=10772"}],"curies":[{"name":"wp","href":"https:\/\/api.w.org\/{rel}","templated":true}]}}