{"id":10743,"date":"2023-09-28T20:38:48","date_gmt":"2023-09-28T18:38:48","guid":{"rendered":"https:\/\/www.sp11.gliwice.pl\/?p=10743"},"modified":"2023-09-28T20:44:22","modified_gmt":"2023-09-28T18:44:22","slug":"dzien-jablka-w-przedszkolu","status":"publish","type":"post","link":"https:\/\/www.sp11.gliwice.pl\/?p=10743","title":{"rendered":"Dzie\u0144 Jab\u0142ka w przedszkolu :)"},"content":{"rendered":"<p><span style=\"color: #008000;\"><em>&nbsp;&#8222;O, jab\u0142uszko, jab\u0142uszko, jab\u0142uszko pe\u0142ne snu<br \/>\n<\/em><\/span><span style=\"color: #008000;\"><em>Gdzie spojrze\u0107 jab\u0142uszko, jab\u0142uszko tam i tu<br \/>\n<\/em><\/span><span style=\"color: #008000;\"><em>Gdzie spojrze\u0107 jab\u0142uszko, jab\u0142uszko tam i tu<br \/>\n<\/em><\/span><em><span style=\"color: #008000;\">Jab\u0142uszko pe\u0142ne snu&#8221;<\/span><\/em><\/p>\n<p><span style=\"color: #000000;\">28 wrze\u015bnia dzieci z wszystkich grup przedszkolnych obchodzi\u0142y <strong>Dzie\u0144 Jab\u0142ka<\/strong>.&nbsp; Celem zaj\u0119\u0107 i wsp\u00f3lnej zabawy by\u0142a integracja dzieci, oraz zach\u0119canie ich do spo\u017cywania&nbsp; i to pod r\u00f3\u017cnymi postaciami tego owocu z powodu jego walor\u00f3w zdrowotnych i od\u017cywczych. Dzieci poszerza\u0142y wiedz\u0119 o jab\u0142ku dzi\u0119ki ogl\u0105daniu prezentacji multimedialnej, pogadance. Zaj\u0119cia zako\u0144czy\u0142y si\u0119 wykonaniem pi\u0119knych prac plastycznych.<\/span><\/p>\n<p><span style=\"color: #000000;\">W tym dniu nasze przedszkolaki odwiedzi\u0142a Pani Agnieszka Filipkowska &#8211; Radna Rady Miasta w Gliwicach &#8211; zaprzyja\u017aniona z nasz\u0105 Plac\u00f3wk\u0105 \ud83d\ude42 , przekazuj\u0105c 100 jab\u0142ek i kredki dla ka\u017cdego przedszkolaka.&nbsp; Bardzo dzi\u0119kujemy!!! \ud83d\ude42<\/span><\/p>\n<p style=\"text-align: right;\"><em>mgr Cecylia Pierzcha\u0142a<\/em><\/p>\nngg_shortcode_0_placeholder\n","protected":false},"excerpt":{"rendered":"<p>&nbsp;&#8222;O, jab\u0142uszko, jab\u0142uszko, jab\u0142uszko pe\u0142ne snu Gdzie spojrze\u0107 jab\u0142uszko, jab\u0142uszko tam i tu Gdzie spojrze\u0107 jab\u0142uszko, jab\u0142uszko tam i tu Jab\u0142uszko pe\u0142ne snu&#8221; 28 wrze\u015bnia [&hellip;]<\/p>\n","protected":false},"author":3,"featured_media":10744,"comment_status":"closed","ping_status":"closed","sticky":false,"template":"","format":"standard","meta":{"ngg_post_thumbnail":0,"footnotes":""},"categories":[4],"tags":[],"class_list":["post-10743","post","type-post","status-publish","format-standard","has-post-thumbnail","hentry","category-aktualnosci"],"_links":{"self":[{"href":"https:\/\/www.sp11.gliwice.pl\/index.php?rest_route=\/wp\/v2\/posts\/10743","targetHints":{"allow":["GET"]}}],"collection":[{"href":"https:\/\/www.sp11.gliwice.pl\/index.php?rest_route=\/wp\/v2\/posts"}],"about":[{"href":"https:\/\/www.sp11.gliwice.pl\/index.php?rest_route=\/wp\/v2\/types\/post"}],"author":[{"embeddable":true,"href":"https:\/\/www.sp11.gliwice.pl\/index.php?rest_route=\/wp\/v2\/users\/3"}],"replies":[{"embeddable":true,"href":"https:\/\/www.sp11.gliwice.pl\/index.php?rest_route=%2Fwp%2Fv2%2Fcomments&post=10743"}],"version-history":[{"count":2,"href":"https:\/\/www.sp11.gliwice.pl\/index.php?rest_route=\/wp\/v2\/posts\/10743\/revisions"}],"predecessor-version":[{"id":10747,"href":"https:\/\/www.sp11.gliwice.pl\/index.php?rest_route=\/wp\/v2\/posts\/10743\/revisions\/10747"}],"wp:featuredmedia":[{"embeddable":true,"href":"https:\/\/www.sp11.gliwice.pl\/index.php?rest_route=\/wp\/v2\/media\/10744"}],"wp:attachment":[{"href":"https:\/\/www.sp11.gliwice.pl\/index.php?rest_route=%2Fwp%2Fv2%2Fmedia&parent=10743"}],"wp:term":[{"taxonomy":"category","embeddable":true,"href":"https:\/\/www.sp11.gliwice.pl\/index.php?rest_route=%2Fwp%2Fv2%2Fcategories&post=10743"},{"taxonomy":"post_tag","embeddable":true,"href":"https:\/\/www.sp11.gliwice.pl\/index.php?rest_route=%2Fwp%2Fv2%2Ftags&post=10743"}],"curies":[{"name":"wp","href":"https:\/\/api.w.org\/{rel}","templated":true}]}}