{"id":10726,"date":"2023-09-26T20:10:27","date_gmt":"2023-09-26T18:10:27","guid":{"rendered":"https:\/\/www.sp11.gliwice.pl\/?p=10726"},"modified":"2023-09-26T20:10:27","modified_gmt":"2023-09-26T18:10:27","slug":"europejski-tydzien-sportu-w-przedszkolu","status":"publish","type":"post","link":"https:\/\/www.sp11.gliwice.pl\/?p=10726","title":{"rendered":"Europejski Tydzie\u0144 Sportu w przedszkolu :)"},"content":{"rendered":"<p><span style=\"color: #000000;\">Wszyscy wiemy jak wa\u017cny jest ruch dla tych du\u017cych jak i ma\u0142ych. W dniu dzisiejszym wszyscy nauczyciele przedszkola stan\u0119li na wysoko\u015bci zadania i zorganizowali dla swoich grup rozgrywki i atrakcje o tematyce sportowej. Naszym maluszkom zosta\u0142y przygotowane zaj\u0119cia adekwatne do wieku na trawie, gdzie mog\u0142y si\u0119 wybiega\u0107 i wyszale\u0107 przy r\u00f3\u017cnych zabawach. Starsze przedszkolaki ubrane w stroje sportowe ruszy\u0142y \u017cwawo w stron\u0119 boiska. Przed konkurencjami sportowymi nie mog\u0142o zabrakn\u0105\u0107 dobrej rozgrzewki przy muzyce. Dzieci przygotowane, z u\u015bmiechem na twarzy ruszy\u0142y do rozgrywek mi\u0119dzy grupami. Zadania polega\u0142y mi\u0119dzy innymi na bieganiu slalomem, utrzymaniu r\u00f3wnowagi z woreczkiem na g\u0142owie, skakaniu obun\u00f3\u017c i wielu, wielu innych! Dzieci nie tylko \u015bwietnie si\u0119 bawi\u0142y, ale tak\u017ce utrwali\u0142y zasady zdrowej rywalizacji. \ud83d\ude42<br \/>\n<\/span><\/p>\n<p style=\"text-align: right;\"><em>mgr Katarzyna P\u0142onka<\/em><\/p>\nngg_shortcode_0_placeholder\n","protected":false},"excerpt":{"rendered":"<p>Wszyscy wiemy jak wa\u017cny jest ruch dla tych du\u017cych jak i ma\u0142ych. W dniu dzisiejszym wszyscy nauczyciele przedszkola stan\u0119li na wysoko\u015bci zadania i zorganizowali dla [&hellip;]<\/p>\n","protected":false},"author":3,"featured_media":10727,"comment_status":"closed","ping_status":"closed","sticky":false,"template":"","format":"standard","meta":{"ngg_post_thumbnail":0,"footnotes":""},"categories":[4],"tags":[],"class_list":["post-10726","post","type-post","status-publish","format-standard","has-post-thumbnail","hentry","category-aktualnosci"],"_links":{"self":[{"href":"https:\/\/www.sp11.gliwice.pl\/index.php?rest_route=\/wp\/v2\/posts\/10726","targetHints":{"allow":["GET"]}}],"collection":[{"href":"https:\/\/www.sp11.gliwice.pl\/index.php?rest_route=\/wp\/v2\/posts"}],"about":[{"href":"https:\/\/www.sp11.gliwice.pl\/index.php?rest_route=\/wp\/v2\/types\/post"}],"author":[{"embeddable":true,"href":"https:\/\/www.sp11.gliwice.pl\/index.php?rest_route=\/wp\/v2\/users\/3"}],"replies":[{"embeddable":true,"href":"https:\/\/www.sp11.gliwice.pl\/index.php?rest_route=%2Fwp%2Fv2%2Fcomments&post=10726"}],"version-history":[{"count":1,"href":"https:\/\/www.sp11.gliwice.pl\/index.php?rest_route=\/wp\/v2\/posts\/10726\/revisions"}],"predecessor-version":[{"id":10728,"href":"https:\/\/www.sp11.gliwice.pl\/index.php?rest_route=\/wp\/v2\/posts\/10726\/revisions\/10728"}],"wp:featuredmedia":[{"embeddable":true,"href":"https:\/\/www.sp11.gliwice.pl\/index.php?rest_route=\/wp\/v2\/media\/10727"}],"wp:attachment":[{"href":"https:\/\/www.sp11.gliwice.pl\/index.php?rest_route=%2Fwp%2Fv2%2Fmedia&parent=10726"}],"wp:term":[{"taxonomy":"category","embeddable":true,"href":"https:\/\/www.sp11.gliwice.pl\/index.php?rest_route=%2Fwp%2Fv2%2Fcategories&post=10726"},{"taxonomy":"post_tag","embeddable":true,"href":"https:\/\/www.sp11.gliwice.pl\/index.php?rest_route=%2Fwp%2Fv2%2Ftags&post=10726"}],"curies":[{"name":"wp","href":"https:\/\/api.w.org\/{rel}","templated":true}]}}