{"id":10663,"date":"2023-09-23T16:43:22","date_gmt":"2023-09-23T14:43:22","guid":{"rendered":"https:\/\/www.sp11.gliwice.pl\/?p=10663"},"modified":"2023-09-23T16:45:07","modified_gmt":"2023-09-23T14:45:07","slug":"xxviii-zlot-mlodziezy-toszek-2023","status":"publish","type":"post","link":"https:\/\/www.sp11.gliwice.pl\/?p=10663","title":{"rendered":"XXVIII Zlot M\u0142odzie\u017cy &#8211; Toszek 2023"},"content":{"rendered":"<p><span style=\"color: #000000;\">W deszczow\u0105 sobot\u0119 podopieczni&nbsp; Szkolnego Ko\u0142a PTTK pod opiek\u0105 Pana Dariusza Kobylarza udali si\u0119 na XXVIII Zlot M\u0142odzie\u017cy organizowany w Toszku. <\/span><\/p>\n<p><span style=\"color: #000000;\">Pomimo kiepskiej pogody wyjazd uznajemy za bardzo udany ! \ud83d\ude42&nbsp;<\/span><\/p>\n<p><span style=\"color: #000000;\">Do szko\u0142y ze zlotu m\u0142odzie\u017cy wracamy z tarcz\u0105. Dziewczyny nie da\u0142y \u017cadnych szans przeciwnikom.\ud83d\udcaa\ud83d\udd25 i zdoby\u0142y I miejsce w rozgrywkach klas VII-VIII w Dwa ognie \ud83d\ude42&nbsp; Gratulujemy !<\/span><\/p>\nngg_shortcode_0_placeholder\n","protected":false},"excerpt":{"rendered":"<p>W deszczow\u0105 sobot\u0119 podopieczni&nbsp; Szkolnego Ko\u0142a PTTK pod opiek\u0105 Pana Dariusza Kobylarza udali si\u0119 na XXVIII Zlot M\u0142odzie\u017cy organizowany w Toszku. Pomimo kiepskiej pogody wyjazd [&hellip;]<\/p>\n","protected":false},"author":3,"featured_media":10664,"comment_status":"closed","ping_status":"closed","sticky":false,"template":"","format":"standard","meta":{"ngg_post_thumbnail":0,"footnotes":""},"categories":[4],"tags":[],"class_list":["post-10663","post","type-post","status-publish","format-standard","has-post-thumbnail","hentry","category-aktualnosci"],"_links":{"self":[{"href":"https:\/\/www.sp11.gliwice.pl\/index.php?rest_route=\/wp\/v2\/posts\/10663","targetHints":{"allow":["GET"]}}],"collection":[{"href":"https:\/\/www.sp11.gliwice.pl\/index.php?rest_route=\/wp\/v2\/posts"}],"about":[{"href":"https:\/\/www.sp11.gliwice.pl\/index.php?rest_route=\/wp\/v2\/types\/post"}],"author":[{"embeddable":true,"href":"https:\/\/www.sp11.gliwice.pl\/index.php?rest_route=\/wp\/v2\/users\/3"}],"replies":[{"embeddable":true,"href":"https:\/\/www.sp11.gliwice.pl\/index.php?rest_route=%2Fwp%2Fv2%2Fcomments&post=10663"}],"version-history":[{"count":3,"href":"https:\/\/www.sp11.gliwice.pl\/index.php?rest_route=\/wp\/v2\/posts\/10663\/revisions"}],"predecessor-version":[{"id":10667,"href":"https:\/\/www.sp11.gliwice.pl\/index.php?rest_route=\/wp\/v2\/posts\/10663\/revisions\/10667"}],"wp:featuredmedia":[{"embeddable":true,"href":"https:\/\/www.sp11.gliwice.pl\/index.php?rest_route=\/wp\/v2\/media\/10664"}],"wp:attachment":[{"href":"https:\/\/www.sp11.gliwice.pl\/index.php?rest_route=%2Fwp%2Fv2%2Fmedia&parent=10663"}],"wp:term":[{"taxonomy":"category","embeddable":true,"href":"https:\/\/www.sp11.gliwice.pl\/index.php?rest_route=%2Fwp%2Fv2%2Fcategories&post=10663"},{"taxonomy":"post_tag","embeddable":true,"href":"https:\/\/www.sp11.gliwice.pl\/index.php?rest_route=%2Fwp%2Fv2%2Ftags&post=10663"}],"curies":[{"name":"wp","href":"https:\/\/api.w.org\/{rel}","templated":true}]}}