{"id":10652,"date":"2023-09-21T13:03:19","date_gmt":"2023-09-21T11:03:19","guid":{"rendered":"https:\/\/www.sp11.gliwice.pl\/?p=10652"},"modified":"2023-09-22T23:06:14","modified_gmt":"2023-09-22T21:06:14","slug":"europejski-tydzien-sportu-3","status":"publish","type":"post","link":"https:\/\/www.sp11.gliwice.pl\/?p=10652","title":{"rendered":"Europejski Tydzie\u0144 Sportu"},"content":{"rendered":"<p><span style=\"color: #000000;\">Wzorem lat ubieg\u0142ych nasza szko\u0142a bierze udzia\u0142 w Europejskim Tygodniu Sportu \ud83d\ude42 <\/span><\/p>\n<p><span style=\"color: #000000;\">Europejski Tydzie\u0144 Sportu jest inicjatyw\u0105 Komisji Europejskiej maj\u0105c\u0105 promowa\u0107 sport i aktywno\u015b\u0107 fizyczn\u0105 w ca\u0142ej Europie. Tydzie\u0144 ten ma zapocz\u0105tkowa\u0107 nowe dzia\u0142ania oraz opiera\u0107 si\u0119 na ju\u017c istniej\u0105cych, udanych przedsi\u0119wzi\u0119ciach o charakterze europejskim, krajowym, regionalnym lub lokalnym. Ta og\u00f3lnoeuropejska kampania realizowana pod has\u0142em #BeActive (B\u0105d\u017a aktywny) ma zach\u0119ci\u0107 obywateli do aktywnego trybu \u017cycia w ci\u0105gu obchod\u00f3w Tygodnia oraz przez ca\u0142y rok!<\/span><\/p>\n<p><span style=\"color: #000000;\">Harmonogram wygl\u0105da nast\u0119puj\u0105co:<\/span><\/p>\nngg_shortcode_0_placeholder\n","protected":false},"excerpt":{"rendered":"<p>Wzorem lat ubieg\u0142ych nasza szko\u0142a bierze udzia\u0142 w Europejskim Tygodniu Sportu \ud83d\ude42 Europejski Tydzie\u0144 Sportu jest inicjatyw\u0105 Komisji Europejskiej maj\u0105c\u0105 promowa\u0107 sport i aktywno\u015b\u0107 fizyczn\u0105 [&hellip;]<\/p>\n","protected":false},"author":3,"featured_media":10656,"comment_status":"closed","ping_status":"closed","sticky":false,"template":"","format":"standard","meta":{"ngg_post_thumbnail":0,"footnotes":""},"categories":[4],"tags":[],"class_list":["post-10652","post","type-post","status-publish","format-standard","has-post-thumbnail","hentry","category-aktualnosci"],"_links":{"self":[{"href":"https:\/\/www.sp11.gliwice.pl\/index.php?rest_route=\/wp\/v2\/posts\/10652","targetHints":{"allow":["GET"]}}],"collection":[{"href":"https:\/\/www.sp11.gliwice.pl\/index.php?rest_route=\/wp\/v2\/posts"}],"about":[{"href":"https:\/\/www.sp11.gliwice.pl\/index.php?rest_route=\/wp\/v2\/types\/post"}],"author":[{"embeddable":true,"href":"https:\/\/www.sp11.gliwice.pl\/index.php?rest_route=\/wp\/v2\/users\/3"}],"replies":[{"embeddable":true,"href":"https:\/\/www.sp11.gliwice.pl\/index.php?rest_route=%2Fwp%2Fv2%2Fcomments&post=10652"}],"version-history":[{"count":1,"href":"https:\/\/www.sp11.gliwice.pl\/index.php?rest_route=\/wp\/v2\/posts\/10652\/revisions"}],"predecessor-version":[{"id":10654,"href":"https:\/\/www.sp11.gliwice.pl\/index.php?rest_route=\/wp\/v2\/posts\/10652\/revisions\/10654"}],"wp:featuredmedia":[{"embeddable":true,"href":"https:\/\/www.sp11.gliwice.pl\/index.php?rest_route=\/wp\/v2\/media\/10656"}],"wp:attachment":[{"href":"https:\/\/www.sp11.gliwice.pl\/index.php?rest_route=%2Fwp%2Fv2%2Fmedia&parent=10652"}],"wp:term":[{"taxonomy":"category","embeddable":true,"href":"https:\/\/www.sp11.gliwice.pl\/index.php?rest_route=%2Fwp%2Fv2%2Fcategories&post=10652"},{"taxonomy":"post_tag","embeddable":true,"href":"https:\/\/www.sp11.gliwice.pl\/index.php?rest_route=%2Fwp%2Fv2%2Ftags&post=10652"}],"curies":[{"name":"wp","href":"https:\/\/api.w.org\/{rel}","templated":true}]}}