{"id":10645,"date":"2023-09-21T12:14:38","date_gmt":"2023-09-21T10:14:38","guid":{"rendered":"https:\/\/www.sp11.gliwice.pl\/?p=10645"},"modified":"2023-09-21T12:14:38","modified_gmt":"2023-09-21T10:14:38","slug":"dzien-przedszkolaka-3","status":"publish","type":"post","link":"https:\/\/www.sp11.gliwice.pl\/?p=10645","title":{"rendered":"DZIE\u0143 PRZEDSZKOLAKA"},"content":{"rendered":"<p><span style=\"color: #333399;\">&#8222;Ka\u017cdy przedszkolak dobrze wie,<\/span><br \/>\n<span style=\"color: #333399;\">\u017ce kiedy 20 wrze\u015bnia zbli\u017ca si\u0119,<\/span><br \/>\n<span style=\"color: #333399;\">od najm\u0142odszego, a\u017c po starszaka,<\/span><br \/>\n<span style=\"color: #333399;\">wszyscy \u015bwi\u0119tuj\u0105 Dzie\u0144 Przedszkolaka&#8221;<br \/>\n<\/span><\/p>\n<p><span style=\"color: #333399;\">20 wrze\u015bnia to wielkie \u015bwi\u0119to wszystkich przedszkolak\u00f3w. W tym dniu przypomnieli\u015bmy sobie o prawach dziecka i kodeksie przedszkolaka. Przedszkolaki wzi\u0119\u0142y udzia\u0142 w zabawach muzyczno &#8211; ruchowych, konkursach i ta\u0144cach. Nie zabrak\u0142o \u017cycze\u0144, pami\u0105tkowych zdj\u0119\u0107, drobnych upomink\u00f3w i dyplom\u00f3w. <\/span><\/p>\n<p><span style=\"color: #333399;\">Odwiedzi\u0142a nas r\u00f3wnie\u017c z \u017cyczeniami Pani Agnieszka Filipkowska &#8211; Radna Rady Miasta Gliwice z psem Kok\u0105 \ud83d\ude42 Na koniec na dzieci czeka\u0142 s\u0142odki pocz\u0119stunek. Mamy nadziej\u0119, \u017ce ten dzie\u0144 pozostanie w pami\u0119ci naszych przedszkolak\u00f3w na d\u0142ugo. Jeszcze raz wszystkiego najlepszego kochane przedszkolaki. \ud83d\ude42<br \/>\n<\/span><\/p>\n<p>&nbsp;<\/p>\n<p style=\"text-align: right;\"><em>mgr Natalia Jarocka<\/em><\/p>\nngg_shortcode_0_placeholder\n","protected":false},"excerpt":{"rendered":"<p>&#8222;Ka\u017cdy przedszkolak dobrze wie, \u017ce kiedy 20 wrze\u015bnia zbli\u017ca si\u0119, od najm\u0142odszego, a\u017c po starszaka, wszyscy \u015bwi\u0119tuj\u0105 Dzie\u0144 Przedszkolaka&#8221; 20 wrze\u015bnia to wielkie \u015bwi\u0119to wszystkich [&hellip;]<\/p>\n","protected":false},"author":3,"featured_media":10646,"comment_status":"closed","ping_status":"closed","sticky":false,"template":"","format":"standard","meta":{"ngg_post_thumbnail":0,"footnotes":""},"categories":[4],"tags":[],"class_list":["post-10645","post","type-post","status-publish","format-standard","has-post-thumbnail","hentry","category-aktualnosci"],"_links":{"self":[{"href":"https:\/\/www.sp11.gliwice.pl\/index.php?rest_route=\/wp\/v2\/posts\/10645","targetHints":{"allow":["GET"]}}],"collection":[{"href":"https:\/\/www.sp11.gliwice.pl\/index.php?rest_route=\/wp\/v2\/posts"}],"about":[{"href":"https:\/\/www.sp11.gliwice.pl\/index.php?rest_route=\/wp\/v2\/types\/post"}],"author":[{"embeddable":true,"href":"https:\/\/www.sp11.gliwice.pl\/index.php?rest_route=\/wp\/v2\/users\/3"}],"replies":[{"embeddable":true,"href":"https:\/\/www.sp11.gliwice.pl\/index.php?rest_route=%2Fwp%2Fv2%2Fcomments&post=10645"}],"version-history":[{"count":1,"href":"https:\/\/www.sp11.gliwice.pl\/index.php?rest_route=\/wp\/v2\/posts\/10645\/revisions"}],"predecessor-version":[{"id":10647,"href":"https:\/\/www.sp11.gliwice.pl\/index.php?rest_route=\/wp\/v2\/posts\/10645\/revisions\/10647"}],"wp:featuredmedia":[{"embeddable":true,"href":"https:\/\/www.sp11.gliwice.pl\/index.php?rest_route=\/wp\/v2\/media\/10646"}],"wp:attachment":[{"href":"https:\/\/www.sp11.gliwice.pl\/index.php?rest_route=%2Fwp%2Fv2%2Fmedia&parent=10645"}],"wp:term":[{"taxonomy":"category","embeddable":true,"href":"https:\/\/www.sp11.gliwice.pl\/index.php?rest_route=%2Fwp%2Fv2%2Fcategories&post=10645"},{"taxonomy":"post_tag","embeddable":true,"href":"https:\/\/www.sp11.gliwice.pl\/index.php?rest_route=%2Fwp%2Fv2%2Ftags&post=10645"}],"curies":[{"name":"wp","href":"https:\/\/api.w.org\/{rel}","templated":true}]}}