{"id":10589,"date":"2023-09-18T09:15:09","date_gmt":"2023-09-18T07:15:09","guid":{"rendered":"https:\/\/www.sp11.gliwice.pl\/?p=10589"},"modified":"2023-09-18T09:15:09","modified_gmt":"2023-09-18T07:15:09","slug":"klasa-2a-w-ogrodzie-zoologicznym-w-opolu","status":"publish","type":"post","link":"https:\/\/www.sp11.gliwice.pl\/?p=10589","title":{"rendered":"Klasa 2a w Ogrodzie Zoologicznym w Opolu"},"content":{"rendered":"<p><span style=\"color: #000000;\">15 wrze\u015bnia 2a wybra\u0142a si\u0119 na swoj\u0105 pierwsz\u0105 wycieczk\u0119 w nowym roku szkolnym do Ogrodu Zoologicznego w Opolu\ud83e\udda5\ud83e\udda7\ud83d\udc06\ud83d\udc2b Spaceruj\u0105c \u015bcie\u017ckami ZOO uda\u0142o nam si\u0119 spotka\u0107 mi\u0119dzy innymi \u017cyrafy,lemury,kangury,flamingi i zebry. Pogoda nam dopisa\u0142a\ud83c\udf1e humory r\u00f3wnie\u017c\ud83d\ude01! Wr\u00f3cili\u015bmy zadowoleni z kolejnym baga\u017cem pi\u0119knych wspomnie\u0144 i ju\u017c planujemy kolejn\u0105 wycieczk\u0119\ud83e\udd73<\/span><\/p>\n<p style=\"text-align: right;\"><em>mgr Natalia Drapa <\/em><\/p>\nngg_shortcode_0_placeholder\n","protected":false},"excerpt":{"rendered":"<p>15 wrze\u015bnia 2a wybra\u0142a si\u0119 na swoj\u0105 pierwsz\u0105 wycieczk\u0119 w nowym roku szkolnym do Ogrodu Zoologicznego w Opolu\ud83e\udda5\ud83e\udda7\ud83d\udc06\ud83d\udc2b Spaceruj\u0105c \u015bcie\u017ckami ZOO uda\u0142o nam si\u0119 spotka\u0107 [&hellip;]<\/p>\n","protected":false},"author":3,"featured_media":10590,"comment_status":"closed","ping_status":"closed","sticky":false,"template":"","format":"standard","meta":{"ngg_post_thumbnail":0,"footnotes":""},"categories":[4],"tags":[],"class_list":["post-10589","post","type-post","status-publish","format-standard","has-post-thumbnail","hentry","category-aktualnosci"],"_links":{"self":[{"href":"https:\/\/www.sp11.gliwice.pl\/index.php?rest_route=\/wp\/v2\/posts\/10589","targetHints":{"allow":["GET"]}}],"collection":[{"href":"https:\/\/www.sp11.gliwice.pl\/index.php?rest_route=\/wp\/v2\/posts"}],"about":[{"href":"https:\/\/www.sp11.gliwice.pl\/index.php?rest_route=\/wp\/v2\/types\/post"}],"author":[{"embeddable":true,"href":"https:\/\/www.sp11.gliwice.pl\/index.php?rest_route=\/wp\/v2\/users\/3"}],"replies":[{"embeddable":true,"href":"https:\/\/www.sp11.gliwice.pl\/index.php?rest_route=%2Fwp%2Fv2%2Fcomments&post=10589"}],"version-history":[{"count":1,"href":"https:\/\/www.sp11.gliwice.pl\/index.php?rest_route=\/wp\/v2\/posts\/10589\/revisions"}],"predecessor-version":[{"id":10591,"href":"https:\/\/www.sp11.gliwice.pl\/index.php?rest_route=\/wp\/v2\/posts\/10589\/revisions\/10591"}],"wp:featuredmedia":[{"embeddable":true,"href":"https:\/\/www.sp11.gliwice.pl\/index.php?rest_route=\/wp\/v2\/media\/10590"}],"wp:attachment":[{"href":"https:\/\/www.sp11.gliwice.pl\/index.php?rest_route=%2Fwp%2Fv2%2Fmedia&parent=10589"}],"wp:term":[{"taxonomy":"category","embeddable":true,"href":"https:\/\/www.sp11.gliwice.pl\/index.php?rest_route=%2Fwp%2Fv2%2Fcategories&post=10589"},{"taxonomy":"post_tag","embeddable":true,"href":"https:\/\/www.sp11.gliwice.pl\/index.php?rest_route=%2Fwp%2Fv2%2Ftags&post=10589"}],"curies":[{"name":"wp","href":"https:\/\/api.w.org\/{rel}","templated":true}]}}