{"id":10586,"date":"2023-09-18T09:10:07","date_gmt":"2023-09-18T07:10:07","guid":{"rendered":"https:\/\/www.sp11.gliwice.pl\/?p=10586"},"modified":"2023-09-18T09:10:07","modified_gmt":"2023-09-18T07:10:07","slug":"dzien-kropki-u-przedszkolakow-2","status":"publish","type":"post","link":"https:\/\/www.sp11.gliwice.pl\/?p=10586","title":{"rendered":"DZIE\u0143  KROPKI  U  PRZEDSZKOLAK\u00d3W"},"content":{"rendered":"<p><span style=\"color: #000000;\">&nbsp;15 wrze\u015bnia w naszym przedszkolu zago\u015bci\u0142a KROPKA.&nbsp; A to dlatego, \u017ce obchodzili\u015bmy Mi\u0119dzynarodowy Dzie\u0144 Kropki.<\/span><\/p>\n<p><span style=\"color: #000000;\">&nbsp;&nbsp;&nbsp; Dzie\u0144 Kropki odwo\u0142uje si\u0119 do wa\u017cnego przes\u0142ania Petera H. Reynoldsa na temat dzieci\u0119cej kreatywno\u015bci. Bohaterka ksi\u0105\u017cki, ma\u0142a dziewczynka o imieniu Vashti, dzi\u0119ki malutkiej kropce oraz nauczycielce plastyki obdarzonej wielkim sercem i wyobra\u017ani\u0105 uwierzy\u0142a w swoje mo\u017cliwo\u015bci tw\u00f3rcze, a jej historia sta\u0142a si\u0119 mi\u0119dzynarodowym manifestem dzieci\u0119cej kreatywno\u015bci&nbsp;i odwagi w poszukiwaniu w\u0142asnych talent\u00f3w.&nbsp;<\/span><\/p>\n<p><span style=\"color: #000000;\">To wielkie \u015bwi\u0119to otwarto\u015bci, wyobra\u017ani, wsp\u00f3\u0142pracy i odwagi.<\/span><\/p>\n<p><span style=\"color: #000000;\">&nbsp;&nbsp;&nbsp; Nasze przedszkolaki wykaza\u0142y si\u0119 du\u017c\u0105 wyobra\u017ani\u0105 i fantazj\u0105 tworz\u0105c w\u0142asne wizje zwi\u0105zane z kropk\u0105&#8230;<\/span><\/p>\n<p style=\"text-align: right;\"><em>mgr Cecylia Pierzcha\u0142a<\/em><\/p>\nngg_shortcode_0_placeholder\n","protected":false},"excerpt":{"rendered":"<p>&nbsp;15 wrze\u015bnia w naszym przedszkolu zago\u015bci\u0142a KROPKA.&nbsp; A to dlatego, \u017ce obchodzili\u015bmy Mi\u0119dzynarodowy Dzie\u0144 Kropki. &nbsp;&nbsp;&nbsp; Dzie\u0144 Kropki odwo\u0142uje si\u0119 do wa\u017cnego przes\u0142ania Petera H. [&hellip;]<\/p>\n","protected":false},"author":3,"featured_media":10587,"comment_status":"closed","ping_status":"closed","sticky":false,"template":"","format":"standard","meta":{"ngg_post_thumbnail":0,"footnotes":""},"categories":[4],"tags":[],"class_list":["post-10586","post","type-post","status-publish","format-standard","has-post-thumbnail","hentry","category-aktualnosci"],"_links":{"self":[{"href":"https:\/\/www.sp11.gliwice.pl\/index.php?rest_route=\/wp\/v2\/posts\/10586","targetHints":{"allow":["GET"]}}],"collection":[{"href":"https:\/\/www.sp11.gliwice.pl\/index.php?rest_route=\/wp\/v2\/posts"}],"about":[{"href":"https:\/\/www.sp11.gliwice.pl\/index.php?rest_route=\/wp\/v2\/types\/post"}],"author":[{"embeddable":true,"href":"https:\/\/www.sp11.gliwice.pl\/index.php?rest_route=\/wp\/v2\/users\/3"}],"replies":[{"embeddable":true,"href":"https:\/\/www.sp11.gliwice.pl\/index.php?rest_route=%2Fwp%2Fv2%2Fcomments&post=10586"}],"version-history":[{"count":1,"href":"https:\/\/www.sp11.gliwice.pl\/index.php?rest_route=\/wp\/v2\/posts\/10586\/revisions"}],"predecessor-version":[{"id":10588,"href":"https:\/\/www.sp11.gliwice.pl\/index.php?rest_route=\/wp\/v2\/posts\/10586\/revisions\/10588"}],"wp:featuredmedia":[{"embeddable":true,"href":"https:\/\/www.sp11.gliwice.pl\/index.php?rest_route=\/wp\/v2\/media\/10587"}],"wp:attachment":[{"href":"https:\/\/www.sp11.gliwice.pl\/index.php?rest_route=%2Fwp%2Fv2%2Fmedia&parent=10586"}],"wp:term":[{"taxonomy":"category","embeddable":true,"href":"https:\/\/www.sp11.gliwice.pl\/index.php?rest_route=%2Fwp%2Fv2%2Fcategories&post=10586"},{"taxonomy":"post_tag","embeddable":true,"href":"https:\/\/www.sp11.gliwice.pl\/index.php?rest_route=%2Fwp%2Fv2%2Ftags&post=10586"}],"curies":[{"name":"wp","href":"https:\/\/api.w.org\/{rel}","templated":true}]}}