{"id":10547,"date":"2023-09-13T15:09:17","date_gmt":"2023-09-13T13:09:17","guid":{"rendered":"https:\/\/www.sp11.gliwice.pl\/?p=10547"},"modified":"2023-09-13T15:09:17","modified_gmt":"2023-09-13T13:09:17","slug":"kazdy-inny-wszyscy-rowni","status":"publish","type":"post","link":"https:\/\/www.sp11.gliwice.pl\/?p=10547","title":{"rendered":"&#8222;Ka\u017cdy inny &#8211; wszyscy r\u00f3wni&#8221;"},"content":{"rendered":"<p><span style=\"color: #000000;\">Nasza szko\u0142a przyst\u0105pi\u0142a do II edycji Og\u00f3lnopolskiego Projektu edukacyjno &#8211; spo\u0142ecznego &#8222;Ka\u017cdy inny &#8211; wszyscy r\u00f3wni&#8221;.<\/span><\/p>\n<p><span style=\"color: #000000;\">Mamy nadziej\u0119, \u017ce udzia\u0142 w projekcie b\u0119dzie niezapomnian\u0105 przygod\u0105 dla wszystkich uczestnik\u00f3w.<\/span><\/p>\n<p><span style=\"color: #000000;\">Koordynatorem w naszej plac\u00f3wce jest Pani mgr Agnieszka Zwoli\u0144ska.<\/span><\/p>\nngg_shortcode_0_placeholder\n","protected":false},"excerpt":{"rendered":"<p>Nasza szko\u0142a przyst\u0105pi\u0142a do II edycji Og\u00f3lnopolskiego Projektu edukacyjno &#8211; spo\u0142ecznego &#8222;Ka\u017cdy inny &#8211; wszyscy r\u00f3wni&#8221;. Mamy nadziej\u0119, \u017ce udzia\u0142 w projekcie b\u0119dzie niezapomnian\u0105 przygod\u0105 [&hellip;]<\/p>\n","protected":false},"author":3,"featured_media":10548,"comment_status":"closed","ping_status":"closed","sticky":false,"template":"","format":"standard","meta":{"ngg_post_thumbnail":0,"footnotes":""},"categories":[4],"tags":[],"class_list":["post-10547","post","type-post","status-publish","format-standard","has-post-thumbnail","hentry","category-aktualnosci"],"_links":{"self":[{"href":"https:\/\/www.sp11.gliwice.pl\/index.php?rest_route=\/wp\/v2\/posts\/10547","targetHints":{"allow":["GET"]}}],"collection":[{"href":"https:\/\/www.sp11.gliwice.pl\/index.php?rest_route=\/wp\/v2\/posts"}],"about":[{"href":"https:\/\/www.sp11.gliwice.pl\/index.php?rest_route=\/wp\/v2\/types\/post"}],"author":[{"embeddable":true,"href":"https:\/\/www.sp11.gliwice.pl\/index.php?rest_route=\/wp\/v2\/users\/3"}],"replies":[{"embeddable":true,"href":"https:\/\/www.sp11.gliwice.pl\/index.php?rest_route=%2Fwp%2Fv2%2Fcomments&post=10547"}],"version-history":[{"count":1,"href":"https:\/\/www.sp11.gliwice.pl\/index.php?rest_route=\/wp\/v2\/posts\/10547\/revisions"}],"predecessor-version":[{"id":10549,"href":"https:\/\/www.sp11.gliwice.pl\/index.php?rest_route=\/wp\/v2\/posts\/10547\/revisions\/10549"}],"wp:featuredmedia":[{"embeddable":true,"href":"https:\/\/www.sp11.gliwice.pl\/index.php?rest_route=\/wp\/v2\/media\/10548"}],"wp:attachment":[{"href":"https:\/\/www.sp11.gliwice.pl\/index.php?rest_route=%2Fwp%2Fv2%2Fmedia&parent=10547"}],"wp:term":[{"taxonomy":"category","embeddable":true,"href":"https:\/\/www.sp11.gliwice.pl\/index.php?rest_route=%2Fwp%2Fv2%2Fcategories&post=10547"},{"taxonomy":"post_tag","embeddable":true,"href":"https:\/\/www.sp11.gliwice.pl\/index.php?rest_route=%2Fwp%2Fv2%2Ftags&post=10547"}],"curies":[{"name":"wp","href":"https:\/\/api.w.org\/{rel}","templated":true}]}}