{"id":10532,"date":"2023-09-09T23:07:39","date_gmt":"2023-09-09T21:07:39","guid":{"rendered":"https:\/\/www.sp11.gliwice.pl\/?p=10532"},"modified":"2023-09-09T23:08:07","modified_gmt":"2023-09-09T21:08:07","slug":"wybory-do-rady-uczniow","status":"publish","type":"post","link":"https:\/\/www.sp11.gliwice.pl\/?p=10532","title":{"rendered":"WYBORY do Rady Uczni\u00f3w :)"},"content":{"rendered":"<p><span style=\"color: #000000;\">8 wrze\u015bnia w naszej szkole odby\u0142y si\u0119 wybory do Rady Uczni\u00f3w. Po prezentacji kandydatek, kampanii wyborczej w drodze g\u0142osowania uczni\u00f3w Jedenastki &#8230;<\/span><\/p>\n<h4><span class=\"x4k7w5x x1h91t0o x1h9r5lt x1jfb8zj xv2umb2 x1beo9mf xaigb6o x12ejxvf x3igimt xarpa2k xedcshv x1lytzrv x1t2pt76 x7ja8zs x1qrby5j\" style=\"color: #000000;\">Przewodnicz\u0105ca Rady Uczni\u00f3w zosta\u0142a <span style=\"color: #000080;\"><strong>Hanna Szewczyk<\/strong><\/span> 7 klasa <span class=\"x3nfvp2 x1j61x8r x1fcty0u xdj266r xhhsvwb xat24cr xgzva0m xxymvpz xlup9mm x1kky2od\"><img decoding=\"async\" src=\"https:\/\/static.xx.fbcdn.net\/images\/emoji.php\/v9\/tb0\/1.5\/16\/1f609.png\" alt=\"\ud83d\ude09\" width=\"16\" height=\"16\"><\/span><span class=\"x3nfvp2 x1j61x8r x1fcty0u xdj266r xhhsvwb xat24cr xgzva0m xxymvpz xlup9mm x1kky2od\"><img decoding=\"async\" src=\"https:\/\/static.xx.fbcdn.net\/images\/emoji.php\/v9\/tc5\/1.5\/16\/1f4aa.png\" alt=\"\ud83d\udcaa\" width=\"16\" height=\"16\"><\/span> <\/span><\/h4>\n<h4><span class=\"x4k7w5x x1h91t0o x1h9r5lt x1jfb8zj xv2umb2 x1beo9mf xaigb6o x12ejxvf x3igimt xarpa2k xedcshv x1lytzrv x1t2pt76 x7ja8zs x1qrby5j\" style=\"color: #000000;\">Zast\u0119pc\u0105&nbsp; <span style=\"color: #000080;\"><strong>Wiktoria W\u00f3jcik <\/strong><\/span><\/span><\/h4>\n<h4><span class=\"x4k7w5x x1h91t0o x1h9r5lt x1jfb8zj xv2umb2 x1beo9mf xaigb6o x12ejxvf x3igimt xarpa2k xedcshv x1lytzrv x1t2pt76 x7ja8zs x1qrby5j\" style=\"color: #000000;\">Skarbnikiem: <strong><span style=\"color: #000080;\">Weronika Sobocka<\/span><\/strong><\/span><\/h4>\n<p><span style=\"color: #000000;\">Gratulujemy \ud83d\ude42&nbsp; i liczymy na Was Dziewczyny \ud83d\ude09<\/span><\/p>\n<p style=\"text-align: right;\"><em>opiekun Rady Uczni\u00f3w: mgr Ernest Bartyzel<\/em><\/p>\nngg_shortcode_0_placeholder\n","protected":false},"excerpt":{"rendered":"<p>8 wrze\u015bnia w naszej szkole odby\u0142y si\u0119 wybory do Rady Uczni\u00f3w. Po prezentacji kandydatek, kampanii wyborczej w drodze g\u0142osowania uczni\u00f3w Jedenastki &#8230; Przewodnicz\u0105ca Rady Uczni\u00f3w [&hellip;]<\/p>\n","protected":false},"author":3,"featured_media":10533,"comment_status":"closed","ping_status":"closed","sticky":false,"template":"","format":"standard","meta":{"ngg_post_thumbnail":0,"footnotes":""},"categories":[4],"tags":[],"class_list":["post-10532","post","type-post","status-publish","format-standard","has-post-thumbnail","hentry","category-aktualnosci"],"_links":{"self":[{"href":"https:\/\/www.sp11.gliwice.pl\/index.php?rest_route=\/wp\/v2\/posts\/10532","targetHints":{"allow":["GET"]}}],"collection":[{"href":"https:\/\/www.sp11.gliwice.pl\/index.php?rest_route=\/wp\/v2\/posts"}],"about":[{"href":"https:\/\/www.sp11.gliwice.pl\/index.php?rest_route=\/wp\/v2\/types\/post"}],"author":[{"embeddable":true,"href":"https:\/\/www.sp11.gliwice.pl\/index.php?rest_route=\/wp\/v2\/users\/3"}],"replies":[{"embeddable":true,"href":"https:\/\/www.sp11.gliwice.pl\/index.php?rest_route=%2Fwp%2Fv2%2Fcomments&post=10532"}],"version-history":[{"count":2,"href":"https:\/\/www.sp11.gliwice.pl\/index.php?rest_route=\/wp\/v2\/posts\/10532\/revisions"}],"predecessor-version":[{"id":10535,"href":"https:\/\/www.sp11.gliwice.pl\/index.php?rest_route=\/wp\/v2\/posts\/10532\/revisions\/10535"}],"wp:featuredmedia":[{"embeddable":true,"href":"https:\/\/www.sp11.gliwice.pl\/index.php?rest_route=\/wp\/v2\/media\/10533"}],"wp:attachment":[{"href":"https:\/\/www.sp11.gliwice.pl\/index.php?rest_route=%2Fwp%2Fv2%2Fmedia&parent=10532"}],"wp:term":[{"taxonomy":"category","embeddable":true,"href":"https:\/\/www.sp11.gliwice.pl\/index.php?rest_route=%2Fwp%2Fv2%2Fcategories&post=10532"},{"taxonomy":"post_tag","embeddable":true,"href":"https:\/\/www.sp11.gliwice.pl\/index.php?rest_route=%2Fwp%2Fv2%2Ftags&post=10532"}],"curies":[{"name":"wp","href":"https:\/\/api.w.org\/{rel}","templated":true}]}}