{"id":10489,"date":"2023-09-07T21:02:11","date_gmt":"2023-09-07T19:02:11","guid":{"rendered":"https:\/\/www.sp11.gliwice.pl\/?p=10489"},"modified":"2023-09-07T21:02:11","modified_gmt":"2023-09-07T19:02:11","slug":"10489","status":"publish","type":"post","link":"https:\/\/www.sp11.gliwice.pl\/?p=10489","title":{"rendered":""},"content":{"rendered":"<p><span style=\"color: #000000;\">Nowy rok szkolny zacz\u0119li\u015bmy na sportowo. Podobnie jak w roku ubieg\u0142ym w\u0142\u0105czyli\u015bmy si\u0119 w akcj\u0119 Polskiego Komitetu Olimpijskiego. Z okazji \u015awiatowego Dnia Fair Play 7 wrze\u015bnia podczas zaj\u0119\u0107 wychowania fizycznego zorganizowali\u015bmy biegi na r\u00f3\u017cnych dystansach.<\/span><br \/>\n<span style=\"color: #000000;\">Celem akcji jest promocja fair play i warto\u015bci etycznych zar\u00f3wno w sporcie, jaki w \u017cyciu #BiegFairPlayPKOl z okazji \u015awiatowego Dnia Fair Play wpisuje si\u0119 w og\u00f3lno\u015bwiatowe obchody Dnia Fair Play i s\u0142u\u017cy promocji najwa\u017cniejszej sportowej idei, dzi\u0119ki kt\u00f3rej sport emanuje pi\u0119knem i inspiruje do godnego zachowania na co dzie\u0144.<\/span><\/p>\n<p style=\"text-align: right;\"><em>mgr Katarzyna Ogaza<\/em><\/p>\nngg_shortcode_0_placeholder\n","protected":false},"excerpt":{"rendered":"<p>Nowy rok szkolny zacz\u0119li\u015bmy na sportowo. Podobnie jak w roku ubieg\u0142ym w\u0142\u0105czyli\u015bmy si\u0119 w akcj\u0119 Polskiego Komitetu Olimpijskiego. Z okazji \u015awiatowego Dnia Fair Play 7 [&hellip;]<\/p>\n","protected":false},"author":3,"featured_media":10490,"comment_status":"closed","ping_status":"closed","sticky":false,"template":"","format":"standard","meta":{"ngg_post_thumbnail":0,"footnotes":""},"categories":[4],"tags":[],"class_list":["post-10489","post","type-post","status-publish","format-standard","has-post-thumbnail","hentry","category-aktualnosci"],"_links":{"self":[{"href":"https:\/\/www.sp11.gliwice.pl\/index.php?rest_route=\/wp\/v2\/posts\/10489","targetHints":{"allow":["GET"]}}],"collection":[{"href":"https:\/\/www.sp11.gliwice.pl\/index.php?rest_route=\/wp\/v2\/posts"}],"about":[{"href":"https:\/\/www.sp11.gliwice.pl\/index.php?rest_route=\/wp\/v2\/types\/post"}],"author":[{"embeddable":true,"href":"https:\/\/www.sp11.gliwice.pl\/index.php?rest_route=\/wp\/v2\/users\/3"}],"replies":[{"embeddable":true,"href":"https:\/\/www.sp11.gliwice.pl\/index.php?rest_route=%2Fwp%2Fv2%2Fcomments&post=10489"}],"version-history":[{"count":1,"href":"https:\/\/www.sp11.gliwice.pl\/index.php?rest_route=\/wp\/v2\/posts\/10489\/revisions"}],"predecessor-version":[{"id":10491,"href":"https:\/\/www.sp11.gliwice.pl\/index.php?rest_route=\/wp\/v2\/posts\/10489\/revisions\/10491"}],"wp:featuredmedia":[{"embeddable":true,"href":"https:\/\/www.sp11.gliwice.pl\/index.php?rest_route=\/wp\/v2\/media\/10490"}],"wp:attachment":[{"href":"https:\/\/www.sp11.gliwice.pl\/index.php?rest_route=%2Fwp%2Fv2%2Fmedia&parent=10489"}],"wp:term":[{"taxonomy":"category","embeddable":true,"href":"https:\/\/www.sp11.gliwice.pl\/index.php?rest_route=%2Fwp%2Fv2%2Fcategories&post=10489"},{"taxonomy":"post_tag","embeddable":true,"href":"https:\/\/www.sp11.gliwice.pl\/index.php?rest_route=%2Fwp%2Fv2%2Ftags&post=10489"}],"curies":[{"name":"wp","href":"https:\/\/api.w.org\/{rel}","templated":true}]}}