{"id":10441,"date":"2023-09-04T19:25:23","date_gmt":"2023-09-04T17:25:23","guid":{"rendered":"https:\/\/www.sp11.gliwice.pl\/?p=10441"},"modified":"2023-09-04T19:25:23","modified_gmt":"2023-09-04T17:25:23","slug":"uroczyste-rozpoczecie-roku-szkolnego-2023-2024","status":"publish","type":"post","link":"https:\/\/www.sp11.gliwice.pl\/?p=10441","title":{"rendered":"UROCZYSTE ROZPOCZ\u0118CIE ROKU SZKOLNEGO 2023\/2024"},"content":{"rendered":"<p><span style=\"color: #000000;\">4 wrze\u015bnia 2023 na boisku naszej szko\u0142y odby\u0142a si\u0119 uroczysto\u015b\u0107 inauguruj\u0105ca nowy rok szkolny 2023\/2024.<\/span><\/p>\n<p><span style=\"color: #000000;\">Rozpocz\u0119li\u015bmy tradycyjnie od od\u015bpiewania Hymnu Pa\u0144stwowego. Nast\u0119pnie \u017cyczenia ca\u0142ej spo\u0142eczno\u015bci szkolnej z\u0142o\u017cyli obecni na uroczysto\u015bci go\u015bcie:<\/span><\/p>\n<p><span style=\"color: #000000;\"><strong>Pani Agnieszka Filipkowska<\/strong> Radna Rady Miasta Gliwice z psem Kok\u0105<\/span><\/p>\n<p><span style=\"color: #000000;\"><strong>Pan Gabriel Bodzioch<\/strong> &#8211; Radny Rady Miasta Gliwice<\/span><\/p>\n<p><span style=\"color: #000000;\"><strong>Pan Marcin Kie\u0142pi\u0144ski<\/strong> &#8211; Radny Rady Miasta Gliwice<\/span><\/p>\n<p><span style=\"color: #000000;\"><strong>Pan Piotr \u017bak<\/strong> &#8211; kurator zawodowy<\/span><\/p>\n<p><span style=\"color: #000000;\"><strong>Ks. Krystian Ga\u0142\u0105ska<\/strong> &#8211; proboszcz Parafii \u015bw. J\u00f3zefa w Ligocie Zabrskiej<\/span><\/p>\n<p><span style=\"color: #000000;\"><strong>Pani Joanna Wojdyna<\/strong> &#8211; przewodnicz\u0105ca Rady Rodzic\u00f3w<\/span><\/p>\n<p><span style=\"color: #000000;\"><strong>Pan Marcin Grabiec<\/strong> &#8211; przewodnicz\u0105cy Rady Dzielnicy Ligota Zabrska<\/span><\/p>\n<p><span style=\"color: #000000;\">A w&nbsp; ramach akcji Bezpieczna Droga do Szko\u0142y -Pan <strong>Mateusz Pi\u00f3rkowski<\/strong> &#8211; m\u0142. asp. asystent Zespo\u0142u ds. Profilaktyki Spo\u0142ecznej, Nieletnich i Patologii Wydzia\u0142u Prewencji Komendy Miejskiej Policji w Gliwicach oraz Sznupek \ud83d\ude42<br \/>\n<\/span><\/p>\n<p><span style=\"color: #000000;\">Po wszystkich ciep\u0142ych s\u0142owach naszych go\u015bci, przedstawieniu nowych nauczycieli nadszed\u0142 czas na kolejnych bohater\u00f3w dzisiejszego dnia &#8211; <strong>PIERWSZOKLASIST\u00d3W<\/strong>. Ustawili si\u0119 oni liczn\u0105 gromadk\u0105 przed nasz\u0105 spo\u0142eczno\u015bci\u0105, by z ogromnymi rogami obfito\u015bci i u\u015bmiechami na twarzach przej\u015b\u0107 na sal\u0119 gimnastyczn\u0105, gdzie odby\u0142o si\u0119 uroczyste pasowanie &nbsp;na uczni\u00f3w klasy 1. Ten historyczny w ich \u017cyciu moment obserwowali ze wzruszeniem rodzice.<\/span><\/p>\n<p><span style=\"color: #000000;\">Przed nami kolejny rok szkolny pe\u0142en nowych wyzwa\u0144, pracy oraz&nbsp;intensywnej nauki. \u017byczymy Wam <strong>Drodzy Uczniowie<\/strong>, by by\u0142 r\u00f3wnie\u017c czasem realizowania pasji i&nbsp;zainteresowa\u0144, budowania przyja\u017ani oraz zdobywania wa\u017cnych w&nbsp;\u017cyciu umiej\u0119tno\u015bci.<\/span><\/p>\n<p><span style=\"color: #000000;\"><strong>Szanowni Rodzice, <\/strong><\/span><span style=\"color: #000000;\">Pa\u0144stwu \u017cyczymy, aby szko\u0142a by\u0142a dla Waszych dzieci bezpieczn\u0105 i&nbsp;przyjazn\u0105 plac\u00f3wk\u0105 edukacyjn\u0105, a&nbsp;Wasz wsp\u00f3\u0142udzia\u0142 w&nbsp;trosce o&nbsp;rozw\u00f3j dzieci przynosi\u0142 mn\u00f3stwo satysfakcji wszystkim, kt\u00f3rzy tworz\u0105 edukacyjn\u0105 rzeczywisto\u015b\u0107.<\/span><\/p>\n<p><span style=\"color: #000000;\">Zapraszamy do obejrzenia kr\u00f3tkiej fotorelacji. Obszern\u0105 relacj\u0119 ju\u017c wkr\u00f3tce b\u0119dzie mo\u017cna zobaczy\u0107 na TV IMPERIUM.<\/span><\/p>\nngg_shortcode_0_placeholder\n","protected":false},"excerpt":{"rendered":"<p>4 wrze\u015bnia 2023 na boisku naszej szko\u0142y odby\u0142a si\u0119 uroczysto\u015b\u0107 inauguruj\u0105ca nowy rok szkolny 2023\/2024. Rozpocz\u0119li\u015bmy tradycyjnie od od\u015bpiewania Hymnu Pa\u0144stwowego. Nast\u0119pnie \u017cyczenia ca\u0142ej spo\u0142eczno\u015bci [&hellip;]<\/p>\n","protected":false},"author":3,"featured_media":10442,"comment_status":"closed","ping_status":"closed","sticky":false,"template":"","format":"standard","meta":{"ngg_post_thumbnail":0,"footnotes":""},"categories":[4],"tags":[],"class_list":["post-10441","post","type-post","status-publish","format-standard","has-post-thumbnail","hentry","category-aktualnosci"],"_links":{"self":[{"href":"https:\/\/www.sp11.gliwice.pl\/index.php?rest_route=\/wp\/v2\/posts\/10441","targetHints":{"allow":["GET"]}}],"collection":[{"href":"https:\/\/www.sp11.gliwice.pl\/index.php?rest_route=\/wp\/v2\/posts"}],"about":[{"href":"https:\/\/www.sp11.gliwice.pl\/index.php?rest_route=\/wp\/v2\/types\/post"}],"author":[{"embeddable":true,"href":"https:\/\/www.sp11.gliwice.pl\/index.php?rest_route=\/wp\/v2\/users\/3"}],"replies":[{"embeddable":true,"href":"https:\/\/www.sp11.gliwice.pl\/index.php?rest_route=%2Fwp%2Fv2%2Fcomments&post=10441"}],"version-history":[{"count":1,"href":"https:\/\/www.sp11.gliwice.pl\/index.php?rest_route=\/wp\/v2\/posts\/10441\/revisions"}],"predecessor-version":[{"id":10443,"href":"https:\/\/www.sp11.gliwice.pl\/index.php?rest_route=\/wp\/v2\/posts\/10441\/revisions\/10443"}],"wp:featuredmedia":[{"embeddable":true,"href":"https:\/\/www.sp11.gliwice.pl\/index.php?rest_route=\/wp\/v2\/media\/10442"}],"wp:attachment":[{"href":"https:\/\/www.sp11.gliwice.pl\/index.php?rest_route=%2Fwp%2Fv2%2Fmedia&parent=10441"}],"wp:term":[{"taxonomy":"category","embeddable":true,"href":"https:\/\/www.sp11.gliwice.pl\/index.php?rest_route=%2Fwp%2Fv2%2Fcategories&post=10441"},{"taxonomy":"post_tag","embeddable":true,"href":"https:\/\/www.sp11.gliwice.pl\/index.php?rest_route=%2Fwp%2Fv2%2Ftags&post=10441"}],"curies":[{"name":"wp","href":"https:\/\/api.w.org\/{rel}","templated":true}]}}