{"id":10371,"date":"2023-08-28T21:01:49","date_gmt":"2023-08-28T19:01:49","guid":{"rendered":"https:\/\/www.sp11.gliwice.pl\/?p=10371"},"modified":"2023-08-28T21:01:49","modified_gmt":"2023-08-28T19:01:49","slug":"krajowa-odznaka-jakosci-etwinning","status":"publish","type":"post","link":"https:\/\/www.sp11.gliwice.pl\/?p=10371","title":{"rendered":"Krajowa Odznaka Jako\u015bci eTwinning"},"content":{"rendered":"<p><span style=\"color: #000000;\">Szkolne Ko\u0142o eTwinning pod czujnym okiem Pani mgr Alicji Cielesty&nbsp; przyst\u0105pi\u0142o do Mi\u0119dzynarodowego Projektu &#8222;Tell Tale Land&#8221;.<\/span><\/p>\n<p><span style=\"color: #000000;\">Kiedy dzieci korzysta\u0142y z urok\u00f3w wakacji nasz PROJEKT zdoby\u0142 Krajow\u0105 Odznak\u0119 Jako\u015bci &#8211; eTwinning National Quality Label !!!&nbsp;&nbsp; \ud83d\ude42 <\/span><\/p>\n<p><span style=\"color: #000000;\">Jest to szczeg\u00f3lne wyr\u00f3\u017cnienie dla uczni\u00f3w i nauczyciela potwierdzaj\u0105ce, \u017ce dzia\u0142ania projektowe maj\u0105 wysoki poziom i spe\u0142niaj\u0105 standard krajowy i europejski.<\/span><\/p>\n<p><span style=\"color: #000000;\">W projekcie bra\u0142y udzia\u0142: Chorwacja, Grecja, S\u0142owacja, Litwa, W\u0142ochy, \u0141otwa no i my \ud83d\ude42 <\/span><\/p>\n<p><span style=\"color: #000000;\">Ogromne podzi\u0119kowania i gratulacje dla uczni\u00f3w klas 4, 5 i 6 oraz Pani Alicji Cielesty ! \ud83d\ude42<\/span><\/p>\nngg_shortcode_0_placeholder\n<div dir=\"auto\">&nbsp;<\/div>\n","protected":false},"excerpt":{"rendered":"<p>Szkolne Ko\u0142o eTwinning pod czujnym okiem Pani mgr Alicji Cielesty&nbsp; przyst\u0105pi\u0142o do Mi\u0119dzynarodowego Projektu &#8222;Tell Tale Land&#8221;. Kiedy dzieci korzysta\u0142y z urok\u00f3w wakacji nasz PROJEKT [&hellip;]<\/p>\n","protected":false},"author":3,"featured_media":10372,"comment_status":"closed","ping_status":"closed","sticky":false,"template":"","format":"standard","meta":{"ngg_post_thumbnail":0,"footnotes":""},"categories":[4],"tags":[],"class_list":["post-10371","post","type-post","status-publish","format-standard","has-post-thumbnail","hentry","category-aktualnosci"],"_links":{"self":[{"href":"https:\/\/www.sp11.gliwice.pl\/index.php?rest_route=\/wp\/v2\/posts\/10371","targetHints":{"allow":["GET"]}}],"collection":[{"href":"https:\/\/www.sp11.gliwice.pl\/index.php?rest_route=\/wp\/v2\/posts"}],"about":[{"href":"https:\/\/www.sp11.gliwice.pl\/index.php?rest_route=\/wp\/v2\/types\/post"}],"author":[{"embeddable":true,"href":"https:\/\/www.sp11.gliwice.pl\/index.php?rest_route=\/wp\/v2\/users\/3"}],"replies":[{"embeddable":true,"href":"https:\/\/www.sp11.gliwice.pl\/index.php?rest_route=%2Fwp%2Fv2%2Fcomments&post=10371"}],"version-history":[{"count":1,"href":"https:\/\/www.sp11.gliwice.pl\/index.php?rest_route=\/wp\/v2\/posts\/10371\/revisions"}],"predecessor-version":[{"id":10373,"href":"https:\/\/www.sp11.gliwice.pl\/index.php?rest_route=\/wp\/v2\/posts\/10371\/revisions\/10373"}],"wp:featuredmedia":[{"embeddable":true,"href":"https:\/\/www.sp11.gliwice.pl\/index.php?rest_route=\/wp\/v2\/media\/10372"}],"wp:attachment":[{"href":"https:\/\/www.sp11.gliwice.pl\/index.php?rest_route=%2Fwp%2Fv2%2Fmedia&parent=10371"}],"wp:term":[{"taxonomy":"category","embeddable":true,"href":"https:\/\/www.sp11.gliwice.pl\/index.php?rest_route=%2Fwp%2Fv2%2Fcategories&post=10371"},{"taxonomy":"post_tag","embeddable":true,"href":"https:\/\/www.sp11.gliwice.pl\/index.php?rest_route=%2Fwp%2Fv2%2Ftags&post=10371"}],"curies":[{"name":"wp","href":"https:\/\/api.w.org\/{rel}","templated":true}]}}