{"id":10324,"date":"2023-06-29T22:24:21","date_gmt":"2023-06-29T20:24:21","guid":{"rendered":"https:\/\/www.sp11.gliwice.pl\/?p=10324"},"modified":"2023-06-29T22:24:21","modified_gmt":"2023-06-29T20:24:21","slug":"zakonczenie-roku-w-przedszkolu","status":"publish","type":"post","link":"https:\/\/www.sp11.gliwice.pl\/?p=10324","title":{"rendered":"Zako\u0144czenie roku w przedszkolu :)"},"content":{"rendered":"<p><span style=\"color: #000000;\"><strong>UROCZYSTE&nbsp; ZAKO\u0143CZENIE&nbsp; ROKU&nbsp; PRZEDSZKOLNEGO<\/strong><\/span><\/p>\n<p><span style=\"color: #000000;\"><strong>&nbsp;<\/strong>28 czerwca br. w naszej plac\u00f3wce mia\u0142a miejsce mi\u0142a uroczysto\u015b\u0107. Przedszkolaki z grup przedszkolnych: Motylki i Kubusie Puchatki, wsp\u00f3lnie \u017cegna\u0142y ko\u0144cz\u0105cy si\u0119 rok przedszkolny 2022\/2023.<\/span><\/p>\n<p><span style=\"color: #000000;\">&nbsp;&nbsp; Byli z nami obecni; p. Dyrektor, p. Vice Dyrektor i Rodzice naszych wychowank\u00f3w.<\/span><\/p>\n<p><span style=\"color: #000000;\">&nbsp;&nbsp;&nbsp; Dzieci przygotowa\u0142y program artystyczny ( wiersze, piosenki, ta\u0144ce), a na zako\u0144czenie co\u015b mi\u0142ego dla ka\u017cdego &#8211; prezentacja tego, co dzia\u0142o si\u0119 w grupach w obecnym roku.<\/span><\/p>\n<p><span style=\"color: #000000;\">Nie oby\u0142o si\u0119 oczywi\u015bcie od podzi\u0119kowa\u0144 i wr\u0119czenia pami\u0105tkowych dyplomik\u00f3w i upomink\u00f3w.<\/span><\/p>\n<p><span style=\"color: #000000;\">Dzi\u0119kujemy za wszystko, \u017cyczymy udanego odpoczynku i do zobaczenia po wakacjach!<\/span><\/p>\n<p><span style=\"color: #000000;\">&nbsp;&nbsp;&nbsp;&nbsp;&nbsp; &nbsp;&nbsp;Wychowawczynie grup przedszkolnych. Panie Katarzyna i Celina<\/span><\/p>\nngg_shortcode_0_placeholder\n","protected":false},"excerpt":{"rendered":"<p>UROCZYSTE&nbsp; ZAKO\u0143CZENIE&nbsp; ROKU&nbsp; PRZEDSZKOLNEGO &nbsp;28 czerwca br. w naszej plac\u00f3wce mia\u0142a miejsce mi\u0142a uroczysto\u015b\u0107. Przedszkolaki z grup przedszkolnych: Motylki i Kubusie Puchatki, wsp\u00f3lnie \u017cegna\u0142y ko\u0144cz\u0105cy [&hellip;]<\/p>\n","protected":false},"author":3,"featured_media":10325,"comment_status":"closed","ping_status":"closed","sticky":false,"template":"","format":"standard","meta":{"ngg_post_thumbnail":0,"footnotes":""},"categories":[4],"tags":[],"class_list":["post-10324","post","type-post","status-publish","format-standard","has-post-thumbnail","hentry","category-aktualnosci"],"_links":{"self":[{"href":"https:\/\/www.sp11.gliwice.pl\/index.php?rest_route=\/wp\/v2\/posts\/10324","targetHints":{"allow":["GET"]}}],"collection":[{"href":"https:\/\/www.sp11.gliwice.pl\/index.php?rest_route=\/wp\/v2\/posts"}],"about":[{"href":"https:\/\/www.sp11.gliwice.pl\/index.php?rest_route=\/wp\/v2\/types\/post"}],"author":[{"embeddable":true,"href":"https:\/\/www.sp11.gliwice.pl\/index.php?rest_route=\/wp\/v2\/users\/3"}],"replies":[{"embeddable":true,"href":"https:\/\/www.sp11.gliwice.pl\/index.php?rest_route=%2Fwp%2Fv2%2Fcomments&post=10324"}],"version-history":[{"count":1,"href":"https:\/\/www.sp11.gliwice.pl\/index.php?rest_route=\/wp\/v2\/posts\/10324\/revisions"}],"predecessor-version":[{"id":10330,"href":"https:\/\/www.sp11.gliwice.pl\/index.php?rest_route=\/wp\/v2\/posts\/10324\/revisions\/10330"}],"wp:featuredmedia":[{"embeddable":true,"href":"https:\/\/www.sp11.gliwice.pl\/index.php?rest_route=\/wp\/v2\/media\/10325"}],"wp:attachment":[{"href":"https:\/\/www.sp11.gliwice.pl\/index.php?rest_route=%2Fwp%2Fv2%2Fmedia&parent=10324"}],"wp:term":[{"taxonomy":"category","embeddable":true,"href":"https:\/\/www.sp11.gliwice.pl\/index.php?rest_route=%2Fwp%2Fv2%2Fcategories&post=10324"},{"taxonomy":"post_tag","embeddable":true,"href":"https:\/\/www.sp11.gliwice.pl\/index.php?rest_route=%2Fwp%2Fv2%2Ftags&post=10324"}],"curies":[{"name":"wp","href":"https:\/\/api.w.org\/{rel}","templated":true}]}}