{"id":10237,"date":"2023-06-23T19:32:57","date_gmt":"2023-06-23T17:32:57","guid":{"rendered":"https:\/\/www.sp11.gliwice.pl\/?p=10237"},"modified":"2023-06-23T19:32:57","modified_gmt":"2023-06-23T17:32:57","slug":"zakonczenie-roku-szkolnego-2022-2023-2","status":"publish","type":"post","link":"https:\/\/www.sp11.gliwice.pl\/?p=10237","title":{"rendered":"Zako\u0144czenie roku szkolnego 2022\/2023"},"content":{"rendered":"<p><span style=\"color: #000000;\">\u201eWakacje, znowu s\u0105 wakacje<\/span><br \/>\n<span style=\"color: #000000;\">Na pewno mam racj\u0119, wakacje znowu s\u0105.<\/span><br \/>\n<span style=\"color: #000000;\">Wakacje, znowu s\u0105 wakacje<\/span><br \/>\n<span style=\"color: #000000;\">Na pewno mam racj\u0119, wakacje znowu s\u0105\u201d&nbsp; \ud83d\ude42<br \/>\n<\/span><\/p>\n<p><span style=\"color: #000000;\">23 czerwca zad\u017awi\u0119cza\u0142 ostatni szkolny dzwonek &#8211; og\u0142aszaj\u0105c koniec roku szkolnego i pocz\u0105tek tak wyczekiwanych wakacji ! \ud83d\ude42<br \/>\n<\/span><\/p>\n<p><span style=\"color: #000000;\">Dla \u00d3smoklasist\u00f3w by\u0142 to ostatni dzie\u0144 w murach Jedenastki L by\u0142y \u0142zy i wzrusze\u0144 sporo \u2026<\/span><\/p>\n<p><span style=\"color: #000000;\">Uroczysto\u015b\u0107 zako\u0144czenia roku szkolnego odby\u0142a si\u0119 w dw\u00f3ch turach.<\/span><\/p>\n<p><span style=\"color: #000000;\">Najpierw klasy 1-2 \u201e\u017cegna\u0142y\u201d Trzecioklasist\u00f3w, kt\u00f3rzy ko\u0144cz\u0105 1 etap edukacji i po wakacjach napotkaj\u0105 \u2026 schody \u2026 na I pi\u0119tro \ud83d\ude42 do swojej nowej sali lekcyjnej \ud83d\ude42<br \/>\n<\/span><\/p>\n<p><span style=\"color: #000000;\">W drugiej turze klasy 4-7 wyprawia\u0142y w \u015bwiat \u00d3smoklasist\u00f3w podsumowuj\u0105c lata sp\u0119dzone w SP11, gratuluj\u0105c sukces\u00f3w i \u017cycz\u0105c powodzenia na nowej drodze \u017cycia.<\/span><\/p>\n<p><span style=\"color: #000000;\">&nbsp;\u201eDzi\u015b \u017cegnamy szkolne mury<\/span><br \/>\n<span style=\"color: #000000;\">Naszych dobrych profesor\u00f3w<\/span><br \/>\n<span style=\"color: #000000;\">Przez nas wkrad\u0142 si\u0119 siwy w\u0142os<\/span><br \/>\n<span style=\"color: #000000;\">Na wasze skronie<\/span><br \/>\n<span style=\"color: #000000;\">Dzi\u0119kujemy za \u015bwiadectwa<\/span><br \/>\n<span style=\"color: #000000;\">Za wykucie trudnych wzor\u00f3w<\/span><br \/>\n<span style=\"color: #000000;\">Ju\u017c nie dzieci lecz dojrza\u0142e stare konie\u2026<\/span><\/p>\n<p><span style=\"color: #000000;\">T\u0105 piosenk\u0105 ci\u0119 \u017cegnamy profesorze<\/span><br \/>\n<span style=\"color: #000000;\">Nasze my\u015bli b\u0119d\u0105 zawsze z tob\u0105 sz\u0142y<\/span><br \/>\n<span style=\"color: #000000;\">T\u0105 piosenk\u0105 przepraszamy profesorze<\/span><br \/>\n<span style=\"color: #000000;\">Za k\u0142opoty przepraszamy I za \u0142zy<\/span><br \/>\n<span style=\"color: #000000;\">To jest nasze profesorze po\u017cegnanie<\/span><br \/>\n<span style=\"color: #000000;\">A nie\u0142atwo nam si\u0119 rozsta\u0107 co tu kry\u0107<\/span><br \/>\n<span style=\"color: #000000;\">Przyrzekamy rozwi\u0105zywa\u0107 twe zadanie<\/span><br \/>\n<span style=\"color: #000000;\">Jak uczciwie I m\u0105drze \u017cy\u0107\u2026\u201d<\/span><\/p>\n<p><span style=\"color: #000000;\">W cz\u0119\u015bciach oficjalnych przy sztandarze szkolnym od\u015bpiewali\u015bmy Hymn Pa\u0144stwowy. Nast\u0105pi\u0142a te\u017c zmiana Pocztu Sztandarowego. <\/span><br \/>\n<span style=\"color: #000000;\">Z r\u0105k Pana Dyrektora uczniowie otrzymali \u015bwiadectwa z wyr\u00f3\u017cnieniem, nagrody, dyplomy, a rodzice listy gratulacyjne i podzi\u0119kowania ! \ud83d\ude42<br \/>\n<\/span><\/p>\n<p><span style=\"color: #000000;\">\u017byczenia &#8211; podzi\u0119kowania z\u0142o\u017cy\u0142a tak\u017ce Pani Joanna Wojdyna z Rady Rodzic\u00f3w SP11 i Pan Marcin Grabiec z Rady Dzielnicy Ligota Zabrska.<\/span><\/p>\n<p><strong><span style=\"color: #000000;\"><span style=\"color: #ff0000;\">Absolwentem roku 2022\/2023 zosta\u0142a \u0141ucja Pia\u015bci\u0144ska ! \ud83d\ude42&nbsp; gratulujemy !!!! \ud83d\ude42&nbsp;<\/span> <\/span><\/strong><br \/>\n<strong><span style=\"color: #008000;\">Sportowcem roku 2022\/2023 zosta\u0142a Cassandra Kwieci\u0144ska-Brylok i Kacper Babiarczyk. \ud83d\ude42&nbsp; gratulujemy ! \ud83d\ude42<br \/>\n<\/span><\/strong><\/p>\n<p><span style=\"color: #000000;\">Uczniowie otrzymali r\u00f3wnie\u017c wyr\u00f3\u017cnienia i nagrody za godne reprezentowanie szko\u0142y w zawodach i konkursach oraz &nbsp;prac\u0119 w wolontariacie szkolnym. Dzi\u0119kujemy !!! Gratulujemy !!! \ud83d\ude42<br \/>\n<\/span><\/p>\n<p><span style=\"color: #000000;\">Obdarowani nagrodami&nbsp; i dyplomami uczniowie z u\u015bmiechem na ustach udali si\u0119 na zas\u0142u\u017cone wakacje \ud83d\ude42<br \/>\n<\/span><\/p>\n<p><span style=\"color: #000000;\">Tylko \u00d3smoklasi\u015bci ocierali \u0142zy&nbsp; i nie spieszno Im by\u0142o opuszcza\u0107 mury Jedenastki&nbsp; \ud83d\ude41&nbsp; \ud83d\ude42<br \/>\n<\/span><\/p>\n<p><span style=\"color: #000000;\">Nie p\u0142aczcie Kochani! Odwiedzajcie nas \ud83d\ude42 Opowiadajcie, co u Was s\u0142ycha\u0107 &#8211; zawsze b\u0119dziecie tu mile widziani \ud83d\ude42<br \/>\n<\/span><\/p>\n<p><span style=\"color: #000000;\">A teraz \u017cyczymy Wam powodzenia w nowych szko\u0142ach i udanego wypoczynku wakacyjnego ! \ud83d\ude42<br \/>\n<\/span><\/p>\nngg_shortcode_0_placeholder\n","protected":false},"excerpt":{"rendered":"<p>\u201eWakacje, znowu s\u0105 wakacje Na pewno mam racj\u0119, wakacje znowu s\u0105. Wakacje, znowu s\u0105 wakacje Na pewno mam racj\u0119, wakacje znowu s\u0105\u201d&nbsp; \ud83d\ude42 23 czerwca [&hellip;]<\/p>\n","protected":false},"author":3,"featured_media":10238,"comment_status":"closed","ping_status":"closed","sticky":false,"template":"","format":"standard","meta":{"ngg_post_thumbnail":0,"footnotes":""},"categories":[4],"tags":[],"class_list":["post-10237","post","type-post","status-publish","format-standard","has-post-thumbnail","hentry","category-aktualnosci"],"_links":{"self":[{"href":"https:\/\/www.sp11.gliwice.pl\/index.php?rest_route=\/wp\/v2\/posts\/10237","targetHints":{"allow":["GET"]}}],"collection":[{"href":"https:\/\/www.sp11.gliwice.pl\/index.php?rest_route=\/wp\/v2\/posts"}],"about":[{"href":"https:\/\/www.sp11.gliwice.pl\/index.php?rest_route=\/wp\/v2\/types\/post"}],"author":[{"embeddable":true,"href":"https:\/\/www.sp11.gliwice.pl\/index.php?rest_route=\/wp\/v2\/users\/3"}],"replies":[{"embeddable":true,"href":"https:\/\/www.sp11.gliwice.pl\/index.php?rest_route=%2Fwp%2Fv2%2Fcomments&post=10237"}],"version-history":[{"count":1,"href":"https:\/\/www.sp11.gliwice.pl\/index.php?rest_route=\/wp\/v2\/posts\/10237\/revisions"}],"predecessor-version":[{"id":10239,"href":"https:\/\/www.sp11.gliwice.pl\/index.php?rest_route=\/wp\/v2\/posts\/10237\/revisions\/10239"}],"wp:featuredmedia":[{"embeddable":true,"href":"https:\/\/www.sp11.gliwice.pl\/index.php?rest_route=\/wp\/v2\/media\/10238"}],"wp:attachment":[{"href":"https:\/\/www.sp11.gliwice.pl\/index.php?rest_route=%2Fwp%2Fv2%2Fmedia&parent=10237"}],"wp:term":[{"taxonomy":"category","embeddable":true,"href":"https:\/\/www.sp11.gliwice.pl\/index.php?rest_route=%2Fwp%2Fv2%2Fcategories&post=10237"},{"taxonomy":"post_tag","embeddable":true,"href":"https:\/\/www.sp11.gliwice.pl\/index.php?rest_route=%2Fwp%2Fv2%2Ftags&post=10237"}],"curies":[{"name":"wp","href":"https:\/\/api.w.org\/{rel}","templated":true}]}}