{"id":10051,"date":"2023-06-21T20:22:21","date_gmt":"2023-06-21T18:22:21","guid":{"rendered":"https:\/\/www.sp11.gliwice.pl\/?p=10051"},"modified":"2023-06-21T20:22:21","modified_gmt":"2023-06-21T18:22:21","slug":"podsumowanie-projektu-czytelniczego-mali-detektywi-w-klasie-2a","status":"publish","type":"post","link":"https:\/\/www.sp11.gliwice.pl\/?p=10051","title":{"rendered":"Podsumowanie projektu czytelniczego \u201eMali detektywi\u201d w klasie 2a"},"content":{"rendered":"<p><span style=\"color: #000000;\"><strong>Podsumowanie projektu czytelniczego \u201eMali detektywi\u201d w klasie 2a<\/strong><\/span><\/p>\n<p><span style=\"color: #000000;\">Realizacja projektu \u201eMali detektywi\u201d odbywa\u0142a si\u0119&nbsp; w&nbsp;okresie od&nbsp;pa\u017adziernika 2022&nbsp;roku do&nbsp;czerwca 2023. Uczniowie raz w miesi\u0105cu prezentowali przeczytan\u0105 ksi\u0105\u017ck\u0119 z serii &#8222;Biuro detektywistyczne Lassego i Mai&#8221; Martina Widmarka o dw\u00f3jce m\u0142odych przyjaci\u00f3\u0142 rozwi\u0105zuj\u0105cych zagadki. Prowadzili zeszyt lektur i do ka\u017cdej przeczytanej ksi\u0105\u017cki uk\u0142adali pytania oraz wykonywali ilustracj\u0119.<\/span><\/p>\n<p><span style=\"color: #000000;\">20 czerwca odby\u0142o si\u0119 podsumowanie projektu. Ka\u017cdy ucze\u0144 zaprezentowa\u0142&nbsp; sw\u00f3j zeszyt lektur, a nast\u0119pnie odby\u0142 si\u0119 konkurs na wz\u00f3r teleturnieju \u201eJeden z Dziesi\u0119ciu\u201d. Uczestnicy odpowiadali na pytania dotycz\u0105ce tre\u015bci przeczytanych ksi\u0105\u017cek. Wszyscy byli doskonale przygotowani i wykazali si\u0119 \u015bwietn\u0105 pami\u0119ci\u0105 szczeg\u00f3\u0142\u00f3w i umiej\u0119tno\u015bci\u0105 czytania ze zrozumieniem. Poziom by\u0142 bardzo wyr\u00f3wnany i do ko\u0144ca pyta\u0144 kt\u00f3rych by\u0142o 120 ci\u0119\u017cko by\u0142o przewidzie\u0107 zwyci\u0119zc\u0119. Ostatecznie zwyci\u0119zc\u0105&nbsp; zosta\u0142 <strong>Wiktor <\/strong>zdobywaj\u0105c 10 punkt\u00f3w&nbsp;&nbsp;&nbsp;&nbsp;&nbsp;&nbsp; GRATULACJE !!!! , tu\u017c za nim uplasowa\u0142o si\u0119 a\u017c 6 os\u00f3b z wynikiem 9 punkt\u00f3w.<\/span><\/p>\n<p><span style=\"color: #000000;\">Projekt bardzo dzieciom si\u0119 podoba\u0142, wszyscy byli &nbsp;zaanga\u017cowani i na pewno w przysz\u0142ym roku zorganizujemy kolejny.<\/span><\/p>\n<p style=\"text-align: right;\"><em>mgr Anna Szaradowska<\/em><\/p>\nngg_shortcode_0_placeholder\n","protected":false},"excerpt":{"rendered":"<p>Podsumowanie projektu czytelniczego \u201eMali detektywi\u201d w klasie 2a Realizacja projektu \u201eMali detektywi\u201d odbywa\u0142a si\u0119&nbsp; w&nbsp;okresie od&nbsp;pa\u017adziernika 2022&nbsp;roku do&nbsp;czerwca 2023. Uczniowie raz w miesi\u0105cu prezentowali przeczytan\u0105 [&hellip;]<\/p>\n","protected":false},"author":3,"featured_media":10052,"comment_status":"closed","ping_status":"closed","sticky":false,"template":"","format":"standard","meta":{"ngg_post_thumbnail":0,"footnotes":""},"categories":[4],"tags":[],"class_list":["post-10051","post","type-post","status-publish","format-standard","has-post-thumbnail","hentry","category-aktualnosci"],"_links":{"self":[{"href":"https:\/\/www.sp11.gliwice.pl\/index.php?rest_route=\/wp\/v2\/posts\/10051","targetHints":{"allow":["GET"]}}],"collection":[{"href":"https:\/\/www.sp11.gliwice.pl\/index.php?rest_route=\/wp\/v2\/posts"}],"about":[{"href":"https:\/\/www.sp11.gliwice.pl\/index.php?rest_route=\/wp\/v2\/types\/post"}],"author":[{"embeddable":true,"href":"https:\/\/www.sp11.gliwice.pl\/index.php?rest_route=\/wp\/v2\/users\/3"}],"replies":[{"embeddable":true,"href":"https:\/\/www.sp11.gliwice.pl\/index.php?rest_route=%2Fwp%2Fv2%2Fcomments&post=10051"}],"version-history":[{"count":1,"href":"https:\/\/www.sp11.gliwice.pl\/index.php?rest_route=\/wp\/v2\/posts\/10051\/revisions"}],"predecessor-version":[{"id":10053,"href":"https:\/\/www.sp11.gliwice.pl\/index.php?rest_route=\/wp\/v2\/posts\/10051\/revisions\/10053"}],"wp:featuredmedia":[{"embeddable":true,"href":"https:\/\/www.sp11.gliwice.pl\/index.php?rest_route=\/wp\/v2\/media\/10052"}],"wp:attachment":[{"href":"https:\/\/www.sp11.gliwice.pl\/index.php?rest_route=%2Fwp%2Fv2%2Fmedia&parent=10051"}],"wp:term":[{"taxonomy":"category","embeddable":true,"href":"https:\/\/www.sp11.gliwice.pl\/index.php?rest_route=%2Fwp%2Fv2%2Fcategories&post=10051"},{"taxonomy":"post_tag","embeddable":true,"href":"https:\/\/www.sp11.gliwice.pl\/index.php?rest_route=%2Fwp%2Fv2%2Ftags&post=10051"}],"curies":[{"name":"wp","href":"https:\/\/api.w.org\/{rel}","templated":true}]}}